{"id":3859,"date":"2020-07-05T14:37:55","date_gmt":"2020-07-05T19:37:55","guid":{"rendered":"https:\/\/encuentroinformativo.com\/?p=3859"},"modified":"2020-07-05T14:37:57","modified_gmt":"2020-07-05T19:37:57","slug":"cubrebocas-y-asientos-separados-nueva-normalidad-para-viajar-especialista","status":"publish","type":"post","link":"https:\/\/encuentroinformativo.com.mx\/?p=3859","title":{"rendered":"Cubrebocas y asientos separados, nueva normalidad para viajar: Especialista"},"content":{"rendered":"\n<p>Ciudad de M\u00e9xico.- Filtros sanitarios donde se mida la temperatura, asientos separados, usar de manera obligatoria cubrebocas y caretas, y esperar turnos para comer durante un vuelo de avi\u00f3n, ser\u00e1n algunas de las situaciones por las que tendr\u00e1n que pasar los viajeros en los diferentes medios de transporte, debido a la pandemia de COVID-19, afirm\u00f3 Jorge Baruch D\u00edaz Ram\u00edrez, responsable de la\u00a0<a rel=\"noreferrer noopener\" href=\"http:\/\/di.facmed.unam.mx\/paginas\/UM\/capv.php\" target=\"_blank\">Cl\u00ednica de Atenci\u00f3n Preventiva del Viajero<\/a>\u00a0de la\u00a0<a rel=\"noreferrer noopener\" href=\"https:\/\/www.unam.mx\/inicio\" target=\"_blank\">UNAM<\/a>.<\/p>\n\n\n\n<p>La reactivaci\u00f3n de viajes y del turismo deber\u00e1 acompa\u00f1arse del concepto de turismo responsable, que implica velar por la salud individual y colectiva, por el desarrollo sostenible de la infraestructura en las comunidades y por la naturaleza. Adem\u00e1s, demandar\u00e1 que las personas est\u00e9n conscientes de las implicaciones que tiene desplazarse a un destino y conocer sus condiciones sanitarias, dijo.<\/p>\n\n\n\n<p>Las medidas a considerar son de dos tipos: lo que corresponde al viajero y lo que deber\u00e1 hacer el sector tur\u00edstico, expuso el tambi\u00e9n vocero de la Comisi\u00f3n Universitaria para la Atenci\u00f3n de la Emergencia del Coronavirus.<\/p>\n\n\n\n<p>\u201cEs importante tomar en cuenta que la mitad de la probabilidad de contagiarse se controla con el uso de equipo de protecci\u00f3n y medidas de higiene personal. Adem\u00e1s, en los aeropuertos o terminales de autobuses ser\u00e1 obligatorio el uso de cubrebocas y caretas faciales\u201d, reiter\u00f3.<\/p>\n\n\n\n<p>Debido a que no hay una medida \u00fanica para evitar el riesgo, se est\u00e1n implementando estrategias multicapa o multinivel, como los filtros sanitarios, en los que se mide la temperatura constantemente, y el llenado de declaratorias de salud en l\u00ednea que provean de informaci\u00f3n a los prestadores de servicios.\u00a0<\/p>\n\n\n\n<p>En algunas circunstancias ser\u00e1 necesario instalar aplicaciones de las autoridades locales para que, en caso de alguna eventualidad, se pueda rastrear la trayectoria de los visitantes e informarles si estuvieron en contacto con el SARS-CoV-2 y si representa un riesgo, coment\u00f3 el tambi\u00e9n acad\u00e9mico de la\u00a0<a href=\"http:\/\/www.facmed.unam.mx\/\">Facultad de Medicina<\/a>.<\/p>\n\n\n\n<p><strong>En avi\u00f3n o autob\u00fas<\/strong><\/p>\n\n\n\n<p>En los viajes en autob\u00fas ser\u00e1 pr\u00e1cticamente indispensable guardar un asiento de distancia entre cada pasajero, pues estos transportes no cuentan con sistemas de aire eficiente. Sin embargo, en las aeronaves no ser\u00e1 as\u00ed, pues su filtrado laminar disminuye el riesgo de transmisi\u00f3n de virus respiratorios.<\/p>\n\n\n\n<p>\u201cEl sistema de aire de un avi\u00f3n es similar al de un quir\u00f3fano, pues fluye en un solo sentido y por capas, lo que ayuda a que las part\u00edculas virales, bacterianas o cualquier microorganismo que se encuentre suspendido en el aire, se precipite de inmediato\u201d, detall\u00f3 D\u00edaz Ram\u00edrez.<\/p>\n\n\n\n<p>Hasta hoy no hay evidencia cient\u00edfica sobre la transmisi\u00f3n del coronavirus entre pasajeros, pero s\u00ed hay reportes de contagios entre la tripulaci\u00f3n, y entre \u00e9sta y un pasajero, por lo que se establecer\u00e1n estrategias para disminuir el contacto.<\/p>\n\n\n\n<p>\u201cEn un avi\u00f3n ya no se repartir\u00e1n alimentos y bebidas, sino que desde el inicio se ubicar\u00e1n en los asientos. Tambi\u00e9n se establecer\u00e1n turnos para que coman, porque se retirar\u00e1n los cubrebocas, y el hecho de que dos pasajeros de una misma fila coman al mismo tiempo representar\u00eda un riesgo\u201d, explic\u00f3.<\/p>\n\n\n\n<p>Estas disposiciones se han establecido por consenso entre la Asociaci\u00f3n Internacional de Transporte A\u00e9reo, la Organizaci\u00f3n Mundial de la Salud (OMS), la Organizaci\u00f3n de\u00a0<em>Aviaci\u00f3n Civil<\/em>\u00a0Internacional y la Organizaci\u00f3n Mundial del Turismo.<\/p>\n\n\n\n<p><strong>Planeaci\u00f3n de viajes<\/strong><\/p>\n\n\n\n<p>El especialista universitario record\u00f3 que si un lugar tiene sem\u00e1foro rojo no se permiten los viajes no esenciales; cuando est\u00e1 en naranja o amarillo se puedan realizar traslados regionales.<\/p>\n\n\n\n<p>Recomend\u00f3 evitar salir de nuestro territorio entre octubre y noviembre, porque es cuando inicia la temporada de influenza estacional. \u201cNos enfrentaremos a algo nuevo, pues los virus de la influenza, altamente letales, convivir\u00e1n con el nuevo coronavirus, lo que representar\u00e1 un reto para los sistemas de salud\u201d.<\/p>\n\n\n\n<p>Adem\u00e1s, la OMS y los Centros para el Control y Prevenci\u00f3n de Enfermedades de Estados Unidos prev\u00e9n que se registre una segunda oleada de coronavirus a nivel mundial.<\/p>\n\n\n\n<p>Lo m\u00e1s aconsejable es esperar hasta diciembre de este a\u00f1o o enero de 2021 para empezar a planificar viajes intercontinentales. Para entonces se estima que la industria de aviaci\u00f3n civil y la hotelera contar\u00e1n con protocolos ampliamente probados ante la COVID-19.<\/p>\n\n\n\n<p>El especialista universitario insisti\u00f3 en la necesidad de ver a la salud como piedra angular del turismo, pues de acuerdo con encuestas de la UNAM realizadas antes de la pandemia, menos del 10 por ciento de los viajeros internacionales consideraban una consulta previa a su recorrido.\u00a0<\/p>\n\n\n\n<p>De igual forma, s\u00f3lo 15 por ciento de un grupo de extranjeros con una estancia temporal en la Ciudad de M\u00e9xico se\u00f1alaron tener sus esquemas de vacunaci\u00f3n actualizados.<\/p>\n","protected":false},"excerpt":{"rendered":"<p>Ciudad de M\u00e9xico.- Filtros sanitarios donde se mida la temperatura, asientos separados, usar de manera obligatoria cubrebocas y caretas, y esperar turnos para comer durante un vuelo de avi\u00f3n, ser\u00e1n algunas de las situaciones por las que tendr\u00e1n que pasar los viajeros en los diferentes medios de transporte, debido a la pandemia de COVID-19, afirm\u00f3 [&hellip;]<\/p>\n","protected":false},"author":1,"featured_media":3860,"comment_status":"open","ping_status":"open","sticky":false,"template":"","format":"standard","meta":{"_jetpack_memberships_contains_paid_content":false,"footnotes":""},"categories":[9],"tags":[],"class_list":["post-3859","post","type-post","status-publish","format-standard","has-post-thumbnail","hentry","category-salud"],"jetpack_featured_media_url":"https:\/\/encuentroinformativo.com.mx\/wp-content\/uploads\/2020\/07\/24D95E63-3E54-4283-A764-85A616C0CE42.jpeg","jetpack_sharing_enabled":true,"jetpack_likes_enabled":true,"amp_enabled":true,"_links":{"self":[{"href":"https:\/\/encuentroinformativo.com.mx\/index.php?rest_route=\/wp\/v2\/posts\/3859","targetHints":{"allow":["GET"]}}],"collection":[{"href":"https:\/\/encuentroinformativo.com.mx\/index.php?rest_route=\/wp\/v2\/posts"}],"about":[{"href":"https:\/\/encuentroinformativo.com.mx\/index.php?rest_route=\/wp\/v2\/types\/post"}],"author":[{"embeddable":true,"href":"https:\/\/encuentroinformativo.com.mx\/index.php?rest_route=\/wp\/v2\/users\/1"}],"replies":[{"embeddable":true,"href":"https:\/\/encuentroinformativo.com.mx\/index.php?rest_route=%2Fwp%2Fv2%2Fcomments&post=3859"}],"version-history":[{"count":1,"href":"https:\/\/encuentroinformativo.com.mx\/index.php?rest_route=\/wp\/v2\/posts\/3859\/revisions"}],"predecessor-version":[{"id":3861,"href":"https:\/\/encuentroinformativo.com.mx\/index.php?rest_route=\/wp\/v2\/posts\/3859\/revisions\/3861"}],"wp:featuredmedia":[{"embeddable":true,"href":"https:\/\/encuentroinformativo.com.mx\/index.php?rest_route=\/wp\/v2\/media\/3860"}],"wp:attachment":[{"href":"https:\/\/encuentroinformativo.com.mx\/index.php?rest_route=%2Fwp%2Fv2%2Fmedia&parent=3859"}],"wp:term":[{"taxonomy":"category","embeddable":true,"href":"https:\/\/encuentroinformativo.com.mx\/index.php?rest_route=%2Fwp%2Fv2%2Fcategories&post=3859"},{"taxonomy":"post_tag","embeddable":true,"href":"https:\/\/encuentroinformativo.com.mx\/index.php?rest_route=%2Fwp%2Fv2%2Ftags&post=3859"}],"curies":[{"name":"wp","href":"https:\/\/api.w.org\/{rel}","templated":true}]}}