{"id":38602,"date":"2023-03-30T09:28:46","date_gmt":"2023-03-30T15:28:46","guid":{"rendered":"https:\/\/encuentroinformativo.com.mx\/?p=38602"},"modified":"2023-03-30T09:28:50","modified_gmt":"2023-03-30T15:28:50","slug":"aprieten-el-paso","status":"publish","type":"post","link":"https:\/\/encuentroinformativo.com.mx\/?p=38602","title":{"rendered":"APRIETEN EL PASO"},"content":{"rendered":"\n<p><strong>Los Pol\u00edticos<\/strong><\/p>\n\n\n\n<p><strong>Salvador Mu\u00f1oz<\/strong><\/p>\n\n\n\n<p>En el 2018, Morena vino a darle al concepto de \u201cpopular\u201d un matiz nuevo en lo que se refiere a las elecciones. Prescindi\u00f3 de este concepto para dar paso a cantidad de desconocidos que para solventar de cierta manera su falta de oficio, experiencia o aptitudes, llamaron \u201crepresentantes del Pueblo bueno y sabio\u201d.<\/p>\n\n\n\n<p>Del 2018 a la fecha, muchos de esos desconocidos pasaron al olvido o a ser parte de la an\u00e9cdota pol\u00edtica si es que la memoria es ben\u00e9vola con acordarse al menos de sus nombres. No obstante, algunos que quedaron, lejos de hacer trabajo pol\u00edtico, quehacer pol\u00edtico, labor pol\u00edtica, s\u00f3lo buscaron la proyecci\u00f3n personal sin cuidar las formas, a tal grado que su imagen estaba por encima del mismo Gobernador, fuera en murales, en libros, o hasta en el mismo comportamiento al grado de que parec\u00eda que Veracruz ten\u00eda dos Ejecutivos\u2026<\/p>\n\n\n\n<p>Aun as\u00ed, en estas pr\u00f3ximas elecciones, Morena utilizar\u00e1 el esquema de las encuestas para sacar, de entre los m\u00e1s \u201cpopulares\u201d, a sus candidatos a los diversos cargos a disputar.<\/p>\n\n\n\n<p>Hay que entender el t\u00e9rmino \u201cPopular\u201d visto como el m\u00e1s conocido y no tanto desde la concepci\u00f3n amlo\u00edsta de \u201cpertenencia al Pueblo\u201d con frases como \u201cYo ya no me pertenezco\u2026\u201d<\/p>\n\n\n\n<p>Y hay que entenderlo tambi\u00e9n como \u201cBien conocido\u201d, porque en su momento Javier Duarte fue el pol\u00edtico m\u00e1s conocido como igual lo fue Carlos Salinas de Gortari\u2026 o F\u00e9lix Salgado Macedonio\u2026 demasiado conocidos, pero los menos queridos\u2026<\/p>\n\n\n\n<p>Aunque tambi\u00e9n hay los \u201cbien conocidos\u201d, y al menos en la Aldea, ahora que se tiene la mira fija en el 2024, hay m\u00ednimo tres pri\u00edstas que por trabajo y desempe\u00f1o, dan lustre a su nombre: H\u00e9ctor y Pepe Yunes, as\u00ed como Anil\u00fa Ingram. A donde quiera que se paren estos tres personajes a lo largo y ancho del estado, tienen conocidos y lo mejor, son bien recibidos.<\/p>\n\n\n\n<p>Un ejemplo reciente de este sentido del \u201cBien conocido\u201d o en este caso \u201cBien conocida\u201d est\u00e1 en la \u00faltima visita que por la Huasteca baja, realiz\u00f3 la diputada Anil\u00fa Ingram, quien de cierto modo puede sentirse satisfecha por la labor que realiz\u00f3 como Delegada de Sedesol, ya que en el municipio de Benito Ju\u00e1rez coincidi\u00f3 con varios artesanos de aquella regi\u00f3n y muchos de ellos la recibieron como anta\u00f1o, ya que a trav\u00e9s de la Comisi\u00f3n de Desarrollo de los Pueblos Ind\u00edgenas, trabajaron de manera coordinada y eso no lo olvidan\u2026 Al final, el agradecimiento es la memoria del coraz\u00f3n.&nbsp;<\/p>\n\n\n\n<p>Los artesanos recordaron que los apoyos brindados eran de gran ayuda para promocionar y lograr vender sus artesan\u00edas; a su vez, Anil\u00fa record\u00f3 con varios de ellos el teje y maneje de lo que fue realizar sus proyectos de registro de marca, creaci\u00f3n de imagen, adem\u00e1s de catapultarlos en diferentes exposiciones locales, estatales y nacionales\u2026 y digo que lo recordaron, porque mucho de ese apoyo y coordinaci\u00f3n que hab\u00eda con ella, actualmente ya no llega a ellos.&nbsp;<\/p>\n\n\n\n<p>Bueno, pues estos reencuentros constantes con personajes de distintas latitudes de nuestra entidad, son los que tiene Anil\u00fa, quien sin hacer mucho ruido, es de los pocos y pocas pri\u00edstas que no ha dejado de caminar, ya sea por el norte (en la Huasteca), sur (Nanchital y Agua Dulce) y centro (Soledad Atzompa), como lo hizo en esta semana que corre.<\/p>\n\n\n\n<p>De un modo u otro, Anil\u00fa obliga a cierto modo, a que si pretenden algo Pepe y H\u00e9ctor, agarren el ritmo de la diputada o m\u00ednimo, aprieten su paso\u2026 y nada m\u00e1s para que quede claro: No es lo mismo \u201caprieten el paso\u201d, que \u201cel paso del prieto\u201d, por algunos morenos que confunden el quehacer pol\u00edtico con el culto al ego.<\/p>\n","protected":false},"excerpt":{"rendered":"<p>Los Pol\u00edticos Salvador Mu\u00f1oz En el 2018, Morena vino a darle al concepto de \u201cpopular\u201d un matiz nuevo en lo que se refiere a las elecciones. Prescindi\u00f3 de este concepto para dar paso a cantidad de desconocidos que para solventar de cierta manera su falta de oficio, experiencia o aptitudes, llamaron \u201crepresentantes del Pueblo bueno [&hellip;]<\/p>\n","protected":false},"author":2476,"featured_media":387,"comment_status":"open","ping_status":"open","sticky":false,"template":"","format":"standard","meta":{"_jetpack_memberships_contains_paid_content":false,"footnotes":""},"categories":[11],"tags":[],"class_list":["post-38602","post","type-post","status-publish","format-standard","has-post-thumbnail","hentry","category-opinion"],"jetpack_featured_media_url":"https:\/\/encuentroinformativo.com.mx\/wp-content\/uploads\/2020\/03\/7CF8A22B-2764-47BE-8F7F-38FE9E5D6A2F.jpeg","jetpack_sharing_enabled":true,"jetpack_likes_enabled":true,"amp_enabled":true,"_links":{"self":[{"href":"https:\/\/encuentroinformativo.com.mx\/index.php?rest_route=\/wp\/v2\/posts\/38602","targetHints":{"allow":["GET"]}}],"collection":[{"href":"https:\/\/encuentroinformativo.com.mx\/index.php?rest_route=\/wp\/v2\/posts"}],"about":[{"href":"https:\/\/encuentroinformativo.com.mx\/index.php?rest_route=\/wp\/v2\/types\/post"}],"author":[{"embeddable":true,"href":"https:\/\/encuentroinformativo.com.mx\/index.php?rest_route=\/wp\/v2\/users\/2476"}],"replies":[{"embeddable":true,"href":"https:\/\/encuentroinformativo.com.mx\/index.php?rest_route=%2Fwp%2Fv2%2Fcomments&post=38602"}],"version-history":[{"count":1,"href":"https:\/\/encuentroinformativo.com.mx\/index.php?rest_route=\/wp\/v2\/posts\/38602\/revisions"}],"predecessor-version":[{"id":38603,"href":"https:\/\/encuentroinformativo.com.mx\/index.php?rest_route=\/wp\/v2\/posts\/38602\/revisions\/38603"}],"wp:featuredmedia":[{"embeddable":true,"href":"https:\/\/encuentroinformativo.com.mx\/index.php?rest_route=\/wp\/v2\/media\/387"}],"wp:attachment":[{"href":"https:\/\/encuentroinformativo.com.mx\/index.php?rest_route=%2Fwp%2Fv2%2Fmedia&parent=38602"}],"wp:term":[{"taxonomy":"category","embeddable":true,"href":"https:\/\/encuentroinformativo.com.mx\/index.php?rest_route=%2Fwp%2Fv2%2Fcategories&post=38602"},{"taxonomy":"post_tag","embeddable":true,"href":"https:\/\/encuentroinformativo.com.mx\/index.php?rest_route=%2Fwp%2Fv2%2Ftags&post=38602"}],"curies":[{"name":"wp","href":"https:\/\/api.w.org\/{rel}","templated":true}]}}