{"id":38604,"date":"2023-03-30T09:32:07","date_gmt":"2023-03-30T15:32:07","guid":{"rendered":"https:\/\/encuentroinformativo.com.mx\/?p=38604"},"modified":"2023-03-30T09:32:11","modified_gmt":"2023-03-30T15:32:11","slug":"estudiantes-de-san-julian-limpian-laguna-previo-semana-santa","status":"publish","type":"post","link":"https:\/\/encuentroinformativo.com.mx\/?p=38604","title":{"rendered":"Estudiantes de San Juli\u00e1n limpian laguna previo Semana Santa"},"content":{"rendered":"\n<p><strong>Alejandro \u00c1vila<\/strong><\/p>\n\n\n\n<p>Veracruz, Ver.- Docentes y estudiantes de la secundaria de San Juli\u00e1n y del CBTA 296, tomaron la iniciativa de limpiar los alrededores de la Laguna previo al inicio de la Semana Santa.<\/p>\n\n\n\n<p>Este cuerpo de agua que se ha visto afectado durante los \u00faltimos meses era com\u00fanmente visitado por decenas de turistas durante la Semana Santa, por lo que en apoyo a la comunidad el Patronato de San Juli\u00e1n a cargo de Indra Meza, tambi\u00e9n se sum\u00f3 a la iniciativa.<\/p>\n\n\n\n<p>&#8220;Me dio gusto ver el trabajo comunitario y organizado qu\u00e9 realizaron para la limpieza de la laguna, una forma organizada a trav\u00e9s del Patronato de San Juli\u00e1n que preside Indra Meza, una joven entusiasta y comprometida con su comunidad, as\u00ed como estudiantes del CBTA 296 y de la secundaria de San Juli\u00e1n, veo que estas acciones favorecer\u00e1n lo que me comentaban ayer, que fueran m\u00e1s personas ah\u00ed a San Juli\u00e1n, el turismo que caracteriza a la zona en Semana Santa, es un gusto ver c\u00f3mo de manera organizada est\u00e1n haciendo la tarea que le corresponde al gobierno del estado&#8221;, se\u00f1al\u00f3 la diputada local Ver\u00f3nica Pulido Herrera quien en compa\u00f1\u00eda de su equipo de trabajo realizaron tambi\u00e9n labores de limpieza.<\/p>\n\n\n\n<p>La legisladora panista puntualiz\u00f3 que el Comisario Ejidal de Villar\u00edn, Gonzalo Barrios Escamilla, gestion\u00f3 ante el Ayuntamiento de Veracruz para que a trav\u00e9s de la direcci\u00f3n de Medio Ambiente les prestar\u00e1n un tractor y un cami\u00f3n para retirar la basura que hab\u00edan limpiado.<\/p>\n\n\n\n<p>&#8220;Espero que estas acciones ciudadanas realmente se vean reflejadas con la responsabilidad que tiene el gobierno del estado, con ir y cumplir de hacer la limpieza, vimos en notas (periodisticas) que est\u00e1, que anunciaron que van a meter recursos a la laguna de San Juli\u00e1n, esperamos que lo hagan en esa empat\u00eda con los productores primarios de la zona&#8221;, remat\u00f3 la diputada local, Ver\u00f3nica Pulido Herrera.<\/p>\n\n\n\n<figure class=\"wp-block-image size-large\"><img loading=\"lazy\" decoding=\"async\" width=\"1024\" height=\"683\" src=\"https:\/\/encuentroinformativo.com.mx\/wp-content\/uploads\/2023\/03\/IMG-20230330-WA0005-1024x683.jpg\" alt=\"\" class=\"wp-image-38606\" srcset=\"https:\/\/encuentroinformativo.com.mx\/wp-content\/uploads\/2023\/03\/IMG-20230330-WA0005-1024x683.jpg 1024w, https:\/\/encuentroinformativo.com.mx\/wp-content\/uploads\/2023\/03\/IMG-20230330-WA0005-300x200.jpg 300w, https:\/\/encuentroinformativo.com.mx\/wp-content\/uploads\/2023\/03\/IMG-20230330-WA0005-768x512.jpg 768w, https:\/\/encuentroinformativo.com.mx\/wp-content\/uploads\/2023\/03\/IMG-20230330-WA0005.jpg 1296w\" sizes=\"auto, (max-width: 1024px) 100vw, 1024px\" \/><\/figure>\n","protected":false},"excerpt":{"rendered":"<p>Alejandro \u00c1vila Veracruz, Ver.- Docentes y estudiantes de la secundaria de San Juli\u00e1n y del CBTA 296, tomaron la iniciativa de limpiar los alrededores de la Laguna previo al inicio de la Semana Santa. Este cuerpo de agua que se ha visto afectado durante los \u00faltimos meses era com\u00fanmente visitado por decenas de turistas durante [&hellip;]<\/p>\n","protected":false},"author":2476,"featured_media":38605,"comment_status":"open","ping_status":"open","sticky":false,"template":"","format":"standard","meta":{"_jetpack_memberships_contains_paid_content":false,"footnotes":""},"categories":[2],"tags":[],"class_list":["post-38604","post","type-post","status-publish","format-standard","has-post-thumbnail","hentry","category-estado"],"jetpack_featured_media_url":"https:\/\/encuentroinformativo.com.mx\/wp-content\/uploads\/2023\/03\/IMG-20230330-WA0006.jpg","jetpack_sharing_enabled":true,"jetpack_likes_enabled":true,"amp_enabled":true,"_links":{"self":[{"href":"https:\/\/encuentroinformativo.com.mx\/index.php?rest_route=\/wp\/v2\/posts\/38604","targetHints":{"allow":["GET"]}}],"collection":[{"href":"https:\/\/encuentroinformativo.com.mx\/index.php?rest_route=\/wp\/v2\/posts"}],"about":[{"href":"https:\/\/encuentroinformativo.com.mx\/index.php?rest_route=\/wp\/v2\/types\/post"}],"author":[{"embeddable":true,"href":"https:\/\/encuentroinformativo.com.mx\/index.php?rest_route=\/wp\/v2\/users\/2476"}],"replies":[{"embeddable":true,"href":"https:\/\/encuentroinformativo.com.mx\/index.php?rest_route=%2Fwp%2Fv2%2Fcomments&post=38604"}],"version-history":[{"count":1,"href":"https:\/\/encuentroinformativo.com.mx\/index.php?rest_route=\/wp\/v2\/posts\/38604\/revisions"}],"predecessor-version":[{"id":38607,"href":"https:\/\/encuentroinformativo.com.mx\/index.php?rest_route=\/wp\/v2\/posts\/38604\/revisions\/38607"}],"wp:featuredmedia":[{"embeddable":true,"href":"https:\/\/encuentroinformativo.com.mx\/index.php?rest_route=\/wp\/v2\/media\/38605"}],"wp:attachment":[{"href":"https:\/\/encuentroinformativo.com.mx\/index.php?rest_route=%2Fwp%2Fv2%2Fmedia&parent=38604"}],"wp:term":[{"taxonomy":"category","embeddable":true,"href":"https:\/\/encuentroinformativo.com.mx\/index.php?rest_route=%2Fwp%2Fv2%2Fcategories&post=38604"},{"taxonomy":"post_tag","embeddable":true,"href":"https:\/\/encuentroinformativo.com.mx\/index.php?rest_route=%2Fwp%2Fv2%2Ftags&post=38604"}],"curies":[{"name":"wp","href":"https:\/\/api.w.org\/{rel}","templated":true}]}}