{"id":38608,"date":"2023-03-30T09:35:20","date_gmt":"2023-03-30T15:35:20","guid":{"rendered":"https:\/\/encuentroinformativo.com.mx\/?p=38608"},"modified":"2023-03-30T09:35:24","modified_gmt":"2023-03-30T15:35:24","slug":"van-caso-por-caso-de-asesinatos-de-periodistas","status":"publish","type":"post","link":"https:\/\/encuentroinformativo.com.mx\/?p=38608","title":{"rendered":"VAN CASO POR CASO DE ASESINATOS DE PERIODISTAS"},"content":{"rendered":"\n<p><strong>ColumnaSinNombre<br>@pablojair<\/strong><\/p>\n\n\n\n<ul class=\"wp-block-list\"><li>La importancia del b\u00e9isbol en Veracruz.<\/li><li>Los errores grav\u00edsimos del Conde \u201cCh\u00f3cula\u201d.<\/li><li>Avances en la autopista Tuxpan-Tampico.<\/li><\/ul>\n\n\n\n<p>Eliminan la caseta de Fort\u00edn: un anhelo que se ten\u00eda desde hace a\u00f1os.<br>\u2014Chopenjawer<\/p>\n\n\n\n<p>Desde hace varios meses comenzaron a haber reuniones con familiares de periodistas asesinados en Veracruz, luego de que \u00e9stos exigieron atenci\u00f3n a sus casos para investigar sobre qui\u00e9n o qui\u00e9nes son los responsables.<\/p>\n\n\n\n<p>Los familiares est\u00e1n siendo acompa\u00f1ados por diversos asesores jur\u00eddicos, entre los que destacan los abogados de la Comisi\u00f3n Estatal de Atenci\u00f3n y Protecci\u00f3n a los Periodistas (CEAPPP), as\u00ed como de las organizaciones Propuesta C\u00edvica y Art\u00edculo 19.<\/p>\n\n\n\n<p>Por medio de protestas es que han logrado llamar la atenci\u00f3n del gobierno federal y estatal. Se sabe, por ejemplo, que ya han tenido acercamientos con la titular de la Secretar\u00eda de Seguridad y Protecci\u00f3n Ciudadana (SSPC), Rosa Icela Rodr\u00edguez Vel\u00e1zquez, y con el subsecretario de Derechos Humanos de la Secretar\u00eda de Gobernaci\u00f3n, Alejandro Encinas Rodr\u00edguez, con quienes se ha acordado investigar caso por caso de periodistas asesinados en Veracruz.<\/p>\n\n\n\n<p>Es tambi\u00e9n sabido que luego de esas reuniones, tambi\u00e9n han tenido acercamiento con las m\u00e1ximas autoridades en Palacio de Gobierno, aqu\u00ed en Xalapa, a principios de este mes.<\/p>\n\n\n\n<p>Una participaci\u00f3n muy importante para la atenci\u00f3n de estos casos, es la de la Fiscal\u00eda General del Estado (FGE) y la Fiscal\u00eda Especial para la Atenci\u00f3n de Delitos cometidos contra la Libertad de Expresi\u00f3n (Feadle), quienes son los entes investigadores.<\/p>\n\n\n\n<p>Ha participado hasta la delegaci\u00f3n estatal de la Secretar\u00eda del Bienestar, por donde se busca dar apoyo a los familiares.<\/p>\n\n\n\n<p>Lo interesante de este asunto es que no ha habido ni protagonismos ni se utilizan los casos como una bandera pol\u00edtica. Se ha mantenido una discreci\u00f3n adecuada que ameritan estos asuntos, que luego son ocupados por personas perversas que capitalizan estas muertes para sus propios intereses personales.<\/p>\n\n\n\n<p>Lo anterior no es para minimizarse, pues la mayor\u00eda de los casos de periodistas asesinados en el estado se mantienen impunes, sin castigo para los responsables. Los familiares buscan, luego de tantos a\u00f1os, que se le d\u00e9 paz a las almas arrebatadas con violencia.<\/p>\n\n\n\n<p>Un caso particular es el de la periodista Mar\u00eda Elena Ferral, por a\u00f1os corresponsal del Diario de Xalapa en la regi\u00f3n de Papantla. Fue asesinada el 30 de marzo de 2020, y aunque se tienen a varios detenidos acusados de ser autores materiales, permanece la versi\u00f3n de que los presuntos intelectuales fueron los hermanos Picazo, de Coyutla, quienes ya hab\u00edan amenazado a la reportera.<\/p>\n\n\n\n<p>Los Picazo tiene rato que andan ausentes en Veracruz, aunque se comenta que se esconden en Puebla.<\/p>\n\n\n\n<p>Este jueves, en la Plaza Lerdo de Xalapa, varios compa\u00f1eros y compa\u00f1eras se reunir\u00e1n para recordar a la valiente periodista que se atrevi\u00f3 por a\u00f1os a se\u00f1alar y poner nombres a los integrantes de la mafia que opera en el Totonacapan.<\/p>\n\n\n\n<p>A Ferral la ve\u00edamos casi todas las veces que \u00edbamos a Cumbre Taj\u00edn; se le extra\u00f1a porque ya no se le puede saludar y mucho menos echarnos ese prometido zacahuil que nunca lleg\u00f3.<\/p>\n\n\n\n<p>Ojal\u00e1 este acercamiento con los familiares no quede en escritorio; que se le d\u00e9 curso de acci\u00f3n a lo que por a\u00f1os se dej\u00f3 de investigar y se apost\u00f3 al olvido, incluso dando protecci\u00f3n pol\u00edtica a los cobardes asesinos que buscan escapar de la justicia.<\/p>\n\n\n\n<p><strong>NOTA PARA PEGAR EN EL REFRI<\/strong>: No es para menos la difusi\u00f3n que se le est\u00e1 dando al equipo de b\u00e9isbol El \u00c1guila de Veracruz, pues es una instituci\u00f3n que tiene 120 a\u00f1os de haber sido fundada. Quiz\u00e1s tambi\u00e9n se nos olvida que unas cuantas generaciones atr\u00e1s (la de nuestros padres o abuelos; ayer lo platicaba con el buen \u201cToby\u201d, Dar\u00edo Pale) el \u201cRey de los Deportes\u201d era el que estaba en boga, m\u00e1xime en los a\u00f1os 80 con el ilustre Fernando Valenzuela, el gran pitcher hist\u00f3rico de los Dodgers\u2026 Es quiz\u00e1s a partir de esa misma d\u00e9cada que comenz\u00f3 el gran negocio del f\u00fatbol controlado por las televisoras, especialmente Televisa \u2014TvAzteca vendr\u00eda despu\u00e9s con la venta de Imevisi\u00f3n\u2014 que no s\u00f3lo era un cuartel de soldados del PRI (as\u00ed dec\u00eda su due\u00f1o, Emilio Azc\u00e1rraga Milmo), sino la que controlaba los contenidos de los medios masivos de comunicaci\u00f3n como la televisi\u00f3n, la radio, los impresos, en la era donde no exist\u00eda ni internet, ni celulares, ni redes sociales, etc\u2026 Es decir, quiz\u00e1s no es que haya crecido una generaci\u00f3n fan\u00e1tica del futbol, sino que no hab\u00eda de otra m\u00e1s que consumir el llamado \u201cDeporte del Hombre\u201d porque as\u00ed conven\u00eda a los intereses comerciales de las televisoras y que finalmente decayeron en los recientes pobres resultados deportivos de la selecci\u00f3n mexicana o de equipos que, por generaciones, se convirtieron en una especie de religi\u00f3n para cada familia\u2026 Veracruz, si bien tiene una gran afici\u00f3n futbolera que suplica, reza, por el regreso de los Tiburones Rojos de Veracruz, tampoco se olvida que es beisbolera y est\u00e1 El \u00c1guila de Veracruz echando todas las ganas para brillar en la pr\u00f3xima temporada\u2026 S\u00ed, ojal\u00e1 tambi\u00e9n haya futbol pronto, pero en Veracruz hay regiones amplias de dos o tres municipios cercanos donde la diversi\u00f3n familiar del domingo es el \u201cbeis\u201d\u2026 Definitivamente el fut no pasa por el mejor momento en M\u00e9xico.<\/p>\n\n\n\n<p><strong>OTRA NOTA: <\/strong>Con eso de que el secre de Gobernaci\u00f3n, Ad\u00e1n Augusto L\u00f3pez, ya se crey\u00f3 eso de que va a ser el candidato a la Presidencia, ahora resulta que as\u00ed nom\u00e1s como si nada se deslinda de la gravedad del caso de los casi 40 migrantes muertos en un incendio en Chihuahua (m\u00e1s los que se sumen en las pr\u00f3ximas horas) que estaban bajo el resguardo del Instituto Nacional de Migraci\u00f3n, que depende totalmente de la Secretar\u00eda donde despacha\u2026 Por m\u00e1s que quiso echarle la bolita al compa Ebrard \u2014seguramente con esa vieja premisa de los que buscan pretextos: \u201csi la c*gaste, salpica\u201d\u2014 finalmente no puede negar qu\u00e9 hay una responsabilidad del INM que est\u00e1 dentro de su organigrama\u2026 Otro error en las \u00faltimas horas del tabasque\u00f1o, es que tom\u00f3 un avi\u00f3n de la Guardia Nacional para ir a un evento de una empresa privada en Coatzacoalcos, cuando se supone que, en tiempos de austeridad republicana, se deben usar vuelos comerciales y no oficiales, porque cuesta caro el combustible y porque ese tipo de aeronaves son para la seguridad nacional, no para andar \u201cfaroleando\u201d en reuniones sociales\u2026 (Lo de Conde \u201cCh\u00f3cula\u201d es porque a los tabasque\u00f1os les dicen \u201cchocos\u201d; y pues no se puede negar el parecido que tiene el funcionario con un Dr\u00e1cula caricaturesco).<\/p>\n\n\n\n<p><strong>LA \u00daLTIMA PORQUE TREN AL SUR: <\/strong>Con una inversi\u00f3n de 667 millones de pesos para este 2023, la Secretar\u00eda de Infraestructura, Comunicaciones y Transportes (SICT) avanza en los trabajos de ampliaci\u00f3n y modernizaci\u00f3n de la carretera Tuxpan-Tampico, tramo Ozuluama-Tampico, obra que mejorar\u00e1 la interconexi\u00f3n de las carreteras federales 70 y 180\u2026 Este mi\u00e9rcoles el director general del Centro SICT Veracruz, Ram\u00f3n \u00c1lvarez Font\u00e1n, acompa\u00f1ado por el subdirector de Obras, Sergio Flores, y la residente general de Carreteras Federales, Idalia Mart\u00ednez, realizaron un recorrido de supervisi\u00f3n para constatar los avances que hasta el momento registra la obra, que entre sus objetivos busca mejorar el acceso a los puertos de Tampico y Altamira\u2026 Con esta obra se estima beneficiar a una poblaci\u00f3n aproximada de 332 mil habitantes de los municipios de Ozuluama, Tampico Alto y Tampico.<\/p>\n","protected":false},"excerpt":{"rendered":"<p>ColumnaSinNombre@pablojair La importancia del b\u00e9isbol en Veracruz. Los errores grav\u00edsimos del Conde \u201cCh\u00f3cula\u201d. Avances en la autopista Tuxpan-Tampico. Eliminan la caseta de Fort\u00edn: un anhelo que se ten\u00eda desde hace a\u00f1os.\u2014Chopenjawer Desde hace varios meses comenzaron a haber reuniones con familiares de periodistas asesinados en Veracruz, luego de que \u00e9stos exigieron atenci\u00f3n a sus casos [&hellip;]<\/p>\n","protected":false},"author":2476,"featured_media":488,"comment_status":"open","ping_status":"open","sticky":false,"template":"","format":"standard","meta":{"_jetpack_memberships_contains_paid_content":false,"footnotes":""},"categories":[11],"tags":[],"class_list":["post-38608","post","type-post","status-publish","format-standard","has-post-thumbnail","hentry","category-opinion"],"jetpack_featured_media_url":"https:\/\/encuentroinformativo.com.mx\/wp-content\/uploads\/2020\/03\/F471F608-BA1A-416B-BA7B-BCFB24F4E6D0.jpeg","jetpack_sharing_enabled":true,"jetpack_likes_enabled":true,"amp_enabled":true,"_links":{"self":[{"href":"https:\/\/encuentroinformativo.com.mx\/index.php?rest_route=\/wp\/v2\/posts\/38608","targetHints":{"allow":["GET"]}}],"collection":[{"href":"https:\/\/encuentroinformativo.com.mx\/index.php?rest_route=\/wp\/v2\/posts"}],"about":[{"href":"https:\/\/encuentroinformativo.com.mx\/index.php?rest_route=\/wp\/v2\/types\/post"}],"author":[{"embeddable":true,"href":"https:\/\/encuentroinformativo.com.mx\/index.php?rest_route=\/wp\/v2\/users\/2476"}],"replies":[{"embeddable":true,"href":"https:\/\/encuentroinformativo.com.mx\/index.php?rest_route=%2Fwp%2Fv2%2Fcomments&post=38608"}],"version-history":[{"count":1,"href":"https:\/\/encuentroinformativo.com.mx\/index.php?rest_route=\/wp\/v2\/posts\/38608\/revisions"}],"predecessor-version":[{"id":38609,"href":"https:\/\/encuentroinformativo.com.mx\/index.php?rest_route=\/wp\/v2\/posts\/38608\/revisions\/38609"}],"wp:featuredmedia":[{"embeddable":true,"href":"https:\/\/encuentroinformativo.com.mx\/index.php?rest_route=\/wp\/v2\/media\/488"}],"wp:attachment":[{"href":"https:\/\/encuentroinformativo.com.mx\/index.php?rest_route=%2Fwp%2Fv2%2Fmedia&parent=38608"}],"wp:term":[{"taxonomy":"category","embeddable":true,"href":"https:\/\/encuentroinformativo.com.mx\/index.php?rest_route=%2Fwp%2Fv2%2Fcategories&post=38608"},{"taxonomy":"post_tag","embeddable":true,"href":"https:\/\/encuentroinformativo.com.mx\/index.php?rest_route=%2Fwp%2Fv2%2Ftags&post=38608"}],"curies":[{"name":"wp","href":"https:\/\/api.w.org\/{rel}","templated":true}]}}