{"id":38623,"date":"2023-03-30T12:44:56","date_gmt":"2023-03-30T18:44:56","guid":{"rendered":"https:\/\/encuentroinformativo.com.mx\/?p=38623"},"modified":"2023-03-30T12:45:00","modified_gmt":"2023-03-30T18:45:00","slug":"solicitan-sonideros-mas-espacios-para-actividades","status":"publish","type":"post","link":"https:\/\/encuentroinformativo.com.mx\/?p=38623","title":{"rendered":"Solicitan sonideros m\u00e1s espacios para actividades"},"content":{"rendered":"\n<p><strong>Israel Garc\u00eda<\/strong><\/p>\n\n\n\n<p>Xalapa, Ver.- El secretario general del Sindicato \u00danico de Sonideros del Estado de Veracruz (SUSEV), Rigoberto Salas Hern\u00e1ndez, de luz y sonido de Xalapa en entrevista nos platic\u00f3 de la reuni\u00f3n que tuvieron con el Presidente Municipal de Xalapa Ricardo Ahued Bardahuil, en la sala de cabildo.<\/p>\n\n\n\n<p>Su expresi\u00f3n fue de agradecimiento para el alcalde que les brind\u00f3 el apoyo para que se llevara acabo el domingo pasado en el parque Ju\u00e1rez, (La Expo-Sonidera) fue un gran evento para los xalape\u00f1os aproximadamente 3 mil personas, disfrutaron de la m\u00fasica ense\u00f1ando sus mejores pasos, a sacudir &#8220;la polilla&#8221;, el estr\u00e9s, que dej\u00f3 la pandemia, hoy estamos regresando a la normalidad a\u00fan no llegamos al 100%.<\/p>\n\n\n\n<p>Explic\u00f3 que la petici\u00f3n que le hicieron al Alcalde Ahued Bardahuil fue que haya m\u00e1s espacios para que estos eventos se sigan llevando a cabo en nuestra ciudad, en diferentes colonias y lugares de esparcimiento, &#8220;lo que le pedimos a nuestro Alcalde Ricardo Ahued Bardahuil, es trabajar, llevar la m\u00fasica hasta los corazones de la gente&#8221;.<\/p>\n","protected":false},"excerpt":{"rendered":"<p>Israel Garc\u00eda Xalapa, Ver.- El secretario general del Sindicato \u00danico de Sonideros del Estado de Veracruz (SUSEV), Rigoberto Salas Hern\u00e1ndez, de luz y sonido de Xalapa en entrevista nos platic\u00f3 de la reuni\u00f3n que tuvieron con el Presidente Municipal de Xalapa Ricardo Ahued Bardahuil, en la sala de cabildo. Su expresi\u00f3n fue de agradecimiento para [&hellip;]<\/p>\n","protected":false},"author":2476,"featured_media":38624,"comment_status":"open","ping_status":"open","sticky":false,"template":"","format":"standard","meta":{"_jetpack_memberships_contains_paid_content":false,"footnotes":""},"categories":[3],"tags":[],"class_list":["post-38623","post","type-post","status-publish","format-standard","has-post-thumbnail","hentry","category-xalapa"],"jetpack_featured_media_url":"https:\/\/encuentroinformativo.com.mx\/wp-content\/uploads\/2023\/03\/Lumii_20230330_123950883.jpg","jetpack_sharing_enabled":true,"jetpack_likes_enabled":true,"amp_enabled":true,"_links":{"self":[{"href":"https:\/\/encuentroinformativo.com.mx\/index.php?rest_route=\/wp\/v2\/posts\/38623","targetHints":{"allow":["GET"]}}],"collection":[{"href":"https:\/\/encuentroinformativo.com.mx\/index.php?rest_route=\/wp\/v2\/posts"}],"about":[{"href":"https:\/\/encuentroinformativo.com.mx\/index.php?rest_route=\/wp\/v2\/types\/post"}],"author":[{"embeddable":true,"href":"https:\/\/encuentroinformativo.com.mx\/index.php?rest_route=\/wp\/v2\/users\/2476"}],"replies":[{"embeddable":true,"href":"https:\/\/encuentroinformativo.com.mx\/index.php?rest_route=%2Fwp%2Fv2%2Fcomments&post=38623"}],"version-history":[{"count":1,"href":"https:\/\/encuentroinformativo.com.mx\/index.php?rest_route=\/wp\/v2\/posts\/38623\/revisions"}],"predecessor-version":[{"id":38625,"href":"https:\/\/encuentroinformativo.com.mx\/index.php?rest_route=\/wp\/v2\/posts\/38623\/revisions\/38625"}],"wp:featuredmedia":[{"embeddable":true,"href":"https:\/\/encuentroinformativo.com.mx\/index.php?rest_route=\/wp\/v2\/media\/38624"}],"wp:attachment":[{"href":"https:\/\/encuentroinformativo.com.mx\/index.php?rest_route=%2Fwp%2Fv2%2Fmedia&parent=38623"}],"wp:term":[{"taxonomy":"category","embeddable":true,"href":"https:\/\/encuentroinformativo.com.mx\/index.php?rest_route=%2Fwp%2Fv2%2Fcategories&post=38623"},{"taxonomy":"post_tag","embeddable":true,"href":"https:\/\/encuentroinformativo.com.mx\/index.php?rest_route=%2Fwp%2Fv2%2Ftags&post=38623"}],"curies":[{"name":"wp","href":"https:\/\/api.w.org\/{rel}","templated":true}]}}