{"id":38626,"date":"2023-03-30T12:48:36","date_gmt":"2023-03-30T18:48:36","guid":{"rendered":"https:\/\/encuentroinformativo.com.mx\/?p=38626"},"modified":"2023-03-30T12:48:39","modified_gmt":"2023-03-30T18:48:39","slug":"a-tres-anos-reclaman-justicia-por-asesinato-de-maria-elena-ferral","status":"publish","type":"post","link":"https:\/\/encuentroinformativo.com.mx\/?p=38626","title":{"rendered":"A tres a\u00f1os, reclaman justicia por asesinato de Mar\u00eda Elena Ferral"},"content":{"rendered":"\n<p><strong>Juan Arcos <\/strong><\/p>\n\n\n\n<p>Xalapa, Ver.- Familiares y amigos de Mar\u00eda Elena Ferral protestaron frente a Palacio de Gobierno, en esta ciudad de Xalapa, para exigir justicia a tres a\u00f1os de su asesinato.<\/p>\n\n\n\n<p>La reportera fue ultimada a balazos en la zona centro de Papantla, al norte de Veracruz, el 30 de marzo de 2020. Hasta el momento hay siete detenidos como presuntos autores materiales del crimen.<\/p>\n\n\n\n<p>Sin embargo, Mar\u00eda Fernanda Ferral, hija de la periodista, indic\u00f3 que falta la ejecuci\u00f3n de tres \u00f3rdenes de aprehensi\u00f3n contra los presuntos autores intelectuales.<\/p>\n\n\n\n<p>La entrevistada mencion\u00f3 que el proceso de cuatro de los detenidos por este caso ya se encuentra en la etapa de juicio oral y ser\u00e1n presentados ante un juez de control el pr\u00f3ximo 1 de abril.<\/p>\n\n\n\n<p>\u201cSon los presuntos autores materiales, los presuntos autores intelectuales siguen pr\u00f3fugos de la justicia. Ellos han solicitado varios amparos y se retrasa el proceso, perdieron el amparo y estamos en espera de que se ejecuten las \u00f3rdenes de aprehensi\u00f3n\u201d, expres\u00f3.<\/p>\n\n\n\n<p>Tambi\u00e9n indic\u00f3 que la Fiscal\u00eda General del Estado (FGE) est\u00e1 siguiendo las l\u00edneas de investigaci\u00f3n que vinculan a tres personas como presuntos autores intelectuales del asesinato de Mar\u00eda Elena Ferral.<\/p>\n\n\n\n<p>Se presume que el crimen pudo haber ocurrido por temas que la periodista investigaba sobre \u201cnarcopol\u00edtica\u201d en la zona de Papantla.<\/p>\n\n\n\n<p>\u201cElla investigaba sobre la narcopol\u00edtica en la zona de Papantla, en esos a\u00f1os hubo muchos pol\u00edticos asesinados en esa zona, se est\u00e1 volviendo a repetir la historia\u201d, a\u00f1adi\u00f3 Fernanda.<\/p>\n\n\n\n<figure class=\"wp-block-image size-large\"><img loading=\"lazy\" decoding=\"async\" width=\"1024\" height=\"768\" src=\"https:\/\/encuentroinformativo.com.mx\/wp-content\/uploads\/2023\/03\/IMG_8774-1024x768.jpg\" alt=\"\" class=\"wp-image-38628\" srcset=\"https:\/\/encuentroinformativo.com.mx\/wp-content\/uploads\/2023\/03\/IMG_8774-1024x768.jpg 1024w, https:\/\/encuentroinformativo.com.mx\/wp-content\/uploads\/2023\/03\/IMG_8774-300x225.jpg 300w, https:\/\/encuentroinformativo.com.mx\/wp-content\/uploads\/2023\/03\/IMG_8774-768x576.jpg 768w, https:\/\/encuentroinformativo.com.mx\/wp-content\/uploads\/2023\/03\/IMG_8774-1536x1152.jpg 1536w, https:\/\/encuentroinformativo.com.mx\/wp-content\/uploads\/2023\/03\/IMG_8774.jpg 2016w\" sizes=\"auto, (max-width: 1024px) 100vw, 1024px\" \/><\/figure>\n","protected":false},"excerpt":{"rendered":"<p>Juan Arcos Xalapa, Ver.- Familiares y amigos de Mar\u00eda Elena Ferral protestaron frente a Palacio de Gobierno, en esta ciudad de Xalapa, para exigir justicia a tres a\u00f1os de su asesinato. La reportera fue ultimada a balazos en la zona centro de Papantla, al norte de Veracruz, el 30 de marzo de 2020. Hasta el [&hellip;]<\/p>\n","protected":false},"author":2476,"featured_media":38627,"comment_status":"open","ping_status":"open","sticky":false,"template":"","format":"standard","meta":{"_jetpack_memberships_contains_paid_content":false,"footnotes":""},"categories":[2],"tags":[],"class_list":["post-38626","post","type-post","status-publish","format-standard","has-post-thumbnail","hentry","category-estado"],"jetpack_featured_media_url":"https:\/\/encuentroinformativo.com.mx\/wp-content\/uploads\/2023\/03\/IMG_8785.jpg","jetpack_sharing_enabled":true,"jetpack_likes_enabled":true,"amp_enabled":true,"_links":{"self":[{"href":"https:\/\/encuentroinformativo.com.mx\/index.php?rest_route=\/wp\/v2\/posts\/38626","targetHints":{"allow":["GET"]}}],"collection":[{"href":"https:\/\/encuentroinformativo.com.mx\/index.php?rest_route=\/wp\/v2\/posts"}],"about":[{"href":"https:\/\/encuentroinformativo.com.mx\/index.php?rest_route=\/wp\/v2\/types\/post"}],"author":[{"embeddable":true,"href":"https:\/\/encuentroinformativo.com.mx\/index.php?rest_route=\/wp\/v2\/users\/2476"}],"replies":[{"embeddable":true,"href":"https:\/\/encuentroinformativo.com.mx\/index.php?rest_route=%2Fwp%2Fv2%2Fcomments&post=38626"}],"version-history":[{"count":1,"href":"https:\/\/encuentroinformativo.com.mx\/index.php?rest_route=\/wp\/v2\/posts\/38626\/revisions"}],"predecessor-version":[{"id":38629,"href":"https:\/\/encuentroinformativo.com.mx\/index.php?rest_route=\/wp\/v2\/posts\/38626\/revisions\/38629"}],"wp:featuredmedia":[{"embeddable":true,"href":"https:\/\/encuentroinformativo.com.mx\/index.php?rest_route=\/wp\/v2\/media\/38627"}],"wp:attachment":[{"href":"https:\/\/encuentroinformativo.com.mx\/index.php?rest_route=%2Fwp%2Fv2%2Fmedia&parent=38626"}],"wp:term":[{"taxonomy":"category","embeddable":true,"href":"https:\/\/encuentroinformativo.com.mx\/index.php?rest_route=%2Fwp%2Fv2%2Fcategories&post=38626"},{"taxonomy":"post_tag","embeddable":true,"href":"https:\/\/encuentroinformativo.com.mx\/index.php?rest_route=%2Fwp%2Fv2%2Ftags&post=38626"}],"curies":[{"name":"wp","href":"https:\/\/api.w.org\/{rel}","templated":true}]}}