{"id":38630,"date":"2023-03-30T12:53:03","date_gmt":"2023-03-30T18:53:03","guid":{"rendered":"https:\/\/encuentroinformativo.com.mx\/?p=38630"},"modified":"2023-03-30T12:53:07","modified_gmt":"2023-03-30T18:53:07","slug":"ayuntamiento-de-veracruz-habilitara-dos-sitios-para-que-turistas-pernocten-en-semana-santa","status":"publish","type":"post","link":"https:\/\/encuentroinformativo.com.mx\/?p=38630","title":{"rendered":"Ayuntamiento de Veracruz habilitar\u00e1 dos sitios para que turistas pernocten en Semana Santa"},"content":{"rendered":"\n<p><strong>Alejandro \u00c1vila<\/strong><\/p>\n\n\n\n<p>Veracruz, Ver.- Los turistas tendr\u00e1n totalmente prohibido pasar la noche en las playas de la ciudad de Veracruz&nbsp; inform\u00f3 la alcaldesa, Patricia Lobeira Rodr\u00edguez.<\/p>\n\n\n\n<p>Sin embargo, la edil panista mencion\u00f3 que se habilitar\u00e1n dos espacios para que las personas puedan pernoctar en la ciudad, aunque fuera de la zona de playas.<\/p>\n\n\n\n<p>&#8220;No se va a permitir que las personas pernocten en las playas, vamos a tener diferentes puntos en la ciudad en donde las personas van a poder hacer esto, pero en las playas no va a estar permitido (\u2026) uno de ellos es Reino M\u00e1gico y otro de ellos es por d\u00f3nde est\u00e1 la Pinera, ah\u00ed es donde normalmente se establecen estas zonas, ah\u00ed es donde vamos a estar estableci\u00e9ndolo; pero definitivamente en las playas no vamos a permitir que las personas est\u00e9n despu\u00e9s de las 10 de la noche&#8221;, sentenci\u00f3.<\/p>\n\n\n\n<p>Este jueves por la ma\u00f1ana fue presentado el &#8220;Operativo Salvavidas 2023&#8221;, mismo que estar\u00e1 coordinado por la Secretar\u00eda de Marina, y en el cual se estima que tan solo en la zona conurbada Veracruz &#8211; Boca del R\u00edo sean mil elementos de diversas corporaciones federales, estatales y municipales, las que realicen las brigadas de apoyo terrestre, mar\u00edtimo y a\u00e9reo.<\/p>\n","protected":false},"excerpt":{"rendered":"<p>Alejandro \u00c1vila Veracruz, Ver.- Los turistas tendr\u00e1n totalmente prohibido pasar la noche en las playas de la ciudad de Veracruz&nbsp; inform\u00f3 la alcaldesa, Patricia Lobeira Rodr\u00edguez. Sin embargo, la edil panista mencion\u00f3 que se habilitar\u00e1n dos espacios para que las personas puedan pernoctar en la ciudad, aunque fuera de la zona de playas. &#8220;No se [&hellip;]<\/p>\n","protected":false},"author":2476,"featured_media":38631,"comment_status":"open","ping_status":"open","sticky":false,"template":"","format":"standard","meta":{"_jetpack_memberships_contains_paid_content":false,"footnotes":""},"categories":[2],"tags":[],"class_list":["post-38630","post","type-post","status-publish","format-standard","has-post-thumbnail","hentry","category-estado"],"jetpack_featured_media_url":"https:\/\/encuentroinformativo.com.mx\/wp-content\/uploads\/2023\/03\/IMG-20230330-WA0067.jpg","jetpack_sharing_enabled":true,"jetpack_likes_enabled":true,"amp_enabled":true,"_links":{"self":[{"href":"https:\/\/encuentroinformativo.com.mx\/index.php?rest_route=\/wp\/v2\/posts\/38630","targetHints":{"allow":["GET"]}}],"collection":[{"href":"https:\/\/encuentroinformativo.com.mx\/index.php?rest_route=\/wp\/v2\/posts"}],"about":[{"href":"https:\/\/encuentroinformativo.com.mx\/index.php?rest_route=\/wp\/v2\/types\/post"}],"author":[{"embeddable":true,"href":"https:\/\/encuentroinformativo.com.mx\/index.php?rest_route=\/wp\/v2\/users\/2476"}],"replies":[{"embeddable":true,"href":"https:\/\/encuentroinformativo.com.mx\/index.php?rest_route=%2Fwp%2Fv2%2Fcomments&post=38630"}],"version-history":[{"count":1,"href":"https:\/\/encuentroinformativo.com.mx\/index.php?rest_route=\/wp\/v2\/posts\/38630\/revisions"}],"predecessor-version":[{"id":38632,"href":"https:\/\/encuentroinformativo.com.mx\/index.php?rest_route=\/wp\/v2\/posts\/38630\/revisions\/38632"}],"wp:featuredmedia":[{"embeddable":true,"href":"https:\/\/encuentroinformativo.com.mx\/index.php?rest_route=\/wp\/v2\/media\/38631"}],"wp:attachment":[{"href":"https:\/\/encuentroinformativo.com.mx\/index.php?rest_route=%2Fwp%2Fv2%2Fmedia&parent=38630"}],"wp:term":[{"taxonomy":"category","embeddable":true,"href":"https:\/\/encuentroinformativo.com.mx\/index.php?rest_route=%2Fwp%2Fv2%2Fcategories&post=38630"},{"taxonomy":"post_tag","embeddable":true,"href":"https:\/\/encuentroinformativo.com.mx\/index.php?rest_route=%2Fwp%2Fv2%2Ftags&post=38630"}],"curies":[{"name":"wp","href":"https:\/\/api.w.org\/{rel}","templated":true}]}}