{"id":38639,"date":"2023-03-30T13:30:12","date_gmt":"2023-03-30T19:30:12","guid":{"rendered":"https:\/\/encuentroinformativo.com.mx\/?p=38639"},"modified":"2023-03-30T13:30:15","modified_gmt":"2023-03-30T19:30:15","slug":"organiza-colver-foro-sobre-ursulo-galvan-reyes","status":"publish","type":"post","link":"https:\/\/encuentroinformativo.com.mx\/?p=38639","title":{"rendered":"Organiza Colver foro sobre \u00darsulo Galv\u00e1n Reyes"},"content":{"rendered":"\n<p>*Se trata de la Conferencia Magistral sobre \u00darsulo Galvan, dentro del Ciclo de \u201cVeracruzanos Revolucionarios\u201d, que se imparten en el marco del a\u00f1o de Francisco Villa.<\/p>\n\n\n\n<p>Xalapa, Ver.- El Colegio de Veracruz, bajo la rector\u00eda del Dr. Mario Ra\u00fal Mijares S\u00e1nchez, preocupado por fomentar la conciencia pol\u00edtica, as\u00ed como los valores c\u00edvicos y nacionales a trav\u00e9s de las experiencias hist\u00f3ricas, en el marco de la declaraci\u00f3n del a\u00f1o 2023, como el a\u00f1o de Francisco Villa, \u201cEl Revolucionario del Pueblo\u201d, realiza una serie de foros de ciencia pol\u00edtica a personajes veracruzanos que sobresalieron en la causa de la Revoluci\u00f3n Mexicana.<\/p>\n\n\n\n<p>Este s\u00e1bado 1 de abril en punto de las 11:30 de la ma\u00f1ana en el Museo de Antropolog\u00eda de Xalapa, se desarrollar\u00e1 la Conferencia Magistral sobre \u00darsulo Galv\u00e1n, la cual ser\u00e1 impartida por el Director General del Fondo de Cultura Econ\u00f3mica, Paco Ignacio Taibo II, bajo la moderaci\u00f3n del Dr. Alfredo Delgado Calder\u00f3n, Director del Museo de Antropolog\u00eda de Xalapa, inform\u00f3 la maestra Elizabeth Bello Reyes, subdirectora de Educaci\u00f3n Continua y a Distancia del Colegio de Veracruz.<\/p>\n\n\n\n<p>La entrada es gratuita y ser\u00e1 interesante conocer el postulado de la lucha de \u00darsulo Galv\u00e1n Reyes, conocido como el \u201cAp\u00f3stol Jarocho del Agrarismo\u201d e ide\u00f3logo de la Liga de las Comunidades Agrarias del Estado de Veracruz.<\/p>\n","protected":false},"excerpt":{"rendered":"<p>*Se trata de la Conferencia Magistral sobre \u00darsulo Galvan, dentro del Ciclo de \u201cVeracruzanos Revolucionarios\u201d, que se imparten en el marco del a\u00f1o de Francisco Villa. Xalapa, Ver.- El Colegio de Veracruz, bajo la rector\u00eda del Dr. Mario Ra\u00fal Mijares S\u00e1nchez, preocupado por fomentar la conciencia pol\u00edtica, as\u00ed como los valores c\u00edvicos y nacionales a [&hellip;]<\/p>\n","protected":false},"author":2476,"featured_media":38640,"comment_status":"open","ping_status":"open","sticky":false,"template":"","format":"standard","meta":{"_jetpack_memberships_contains_paid_content":false,"footnotes":""},"categories":[3],"tags":[],"class_list":["post-38639","post","type-post","status-publish","format-standard","has-post-thumbnail","hentry","category-xalapa"],"jetpack_featured_media_url":"https:\/\/encuentroinformativo.com.mx\/wp-content\/uploads\/2023\/03\/Screenshot_20230330-1325242.png","jetpack_sharing_enabled":true,"jetpack_likes_enabled":true,"amp_enabled":true,"_links":{"self":[{"href":"https:\/\/encuentroinformativo.com.mx\/index.php?rest_route=\/wp\/v2\/posts\/38639","targetHints":{"allow":["GET"]}}],"collection":[{"href":"https:\/\/encuentroinformativo.com.mx\/index.php?rest_route=\/wp\/v2\/posts"}],"about":[{"href":"https:\/\/encuentroinformativo.com.mx\/index.php?rest_route=\/wp\/v2\/types\/post"}],"author":[{"embeddable":true,"href":"https:\/\/encuentroinformativo.com.mx\/index.php?rest_route=\/wp\/v2\/users\/2476"}],"replies":[{"embeddable":true,"href":"https:\/\/encuentroinformativo.com.mx\/index.php?rest_route=%2Fwp%2Fv2%2Fcomments&post=38639"}],"version-history":[{"count":1,"href":"https:\/\/encuentroinformativo.com.mx\/index.php?rest_route=\/wp\/v2\/posts\/38639\/revisions"}],"predecessor-version":[{"id":38641,"href":"https:\/\/encuentroinformativo.com.mx\/index.php?rest_route=\/wp\/v2\/posts\/38639\/revisions\/38641"}],"wp:featuredmedia":[{"embeddable":true,"href":"https:\/\/encuentroinformativo.com.mx\/index.php?rest_route=\/wp\/v2\/media\/38640"}],"wp:attachment":[{"href":"https:\/\/encuentroinformativo.com.mx\/index.php?rest_route=%2Fwp%2Fv2%2Fmedia&parent=38639"}],"wp:term":[{"taxonomy":"category","embeddable":true,"href":"https:\/\/encuentroinformativo.com.mx\/index.php?rest_route=%2Fwp%2Fv2%2Fcategories&post=38639"},{"taxonomy":"post_tag","embeddable":true,"href":"https:\/\/encuentroinformativo.com.mx\/index.php?rest_route=%2Fwp%2Fv2%2Ftags&post=38639"}],"curies":[{"name":"wp","href":"https:\/\/api.w.org\/{rel}","templated":true}]}}