{"id":38642,"date":"2023-03-30T14:25:23","date_gmt":"2023-03-30T20:25:23","guid":{"rendered":"https:\/\/encuentroinformativo.com.mx\/?p=38642"},"modified":"2023-03-30T14:25:27","modified_gmt":"2023-03-30T20:25:27","slug":"mexico-sin-garantias-de-seguridad-para-periodistas-balbina-flores","status":"publish","type":"post","link":"https:\/\/encuentroinformativo.com.mx\/?p=38642","title":{"rendered":"M\u00e9xico sin garant\u00edas de seguridad para periodistas: Balbina Flores"},"content":{"rendered":"\n<p><strong>Juan Arcos <\/strong><\/p>\n\n\n\n<p>Xalapa, Ver &#8211; En el pa\u00eds y en el estado de Veracruz no se garantiza la seguridad de los periodistas, alert\u00f3 Balbina Flores, corresponsal de la organizaci\u00f3n Reporteros Sin Fronteras (RSF).<\/p>\n\n\n\n<p>La defensora de los derechos humanos particip\u00f3 en el tercer aniversario del asesinato de la periodista Mar\u00eda Elena Ferral, en Plaza Sebasti\u00e1n Lerdo de Tejada, en esta ciudad de Xalapa, donde enfatiz\u00f3 que la situaci\u00f3n actual de la prensa en M\u00e9xico y en Veracruz no ha mejorado con los gobiernos morenistas.<\/p>\n\n\n\n<p>\u201cLa situaci\u00f3n de la prensa en M\u00e9xico y en particular en Veracruz no es mejor. No hemos avanzado ni vivimos en un pa\u00eds donde nada pasa con la prensa\u201d, enfatiz\u00f3 frente a Palacio de Gobierno.<\/p>\n\n\n\n<p>Record\u00f3 que, en 2022, M\u00e9xico se convirti\u00f3 en uno de los pa\u00edses m\u00e1s peligrosos para elperiodismo con alrededor de 15 comunicadores asesinados y dos desaparecidos.<\/p>\n\n\n\n<p>&#8220;Eso es algo reprobable en un pa\u00eds democr\u00e1tico, en un pa\u00eds donde esperamos que la impunidad desaparezca, donde esperamos que la protecci\u00f3n de las y los periodistas sea garantizado y donde deseamos que la justicia llegue pronto para tantas familias, muchas de ellas aqu\u00ed presentes\u201d, a\u00f1adi\u00f3.<\/p>\n\n\n\n<p>Del a\u00f1o 2010 a la fecha, se contabilizan 33 periodistas asesinados y cuatro desaparecidos en el estado de Veracruz, seg\u00fan cifras de la organizaci\u00f3n Reporteros Sin Fronteras.<\/p>\n\n\n\n<p>&#8220;El reto es enorme pero aqu\u00ed estamos y aqu\u00ed seguiremos acompa\u00f1ando a las familias y a todos ustedes\u201d, refiri\u00f3.<\/p>\n\n\n\n<figure class=\"wp-block-image size-large\"><img loading=\"lazy\" decoding=\"async\" width=\"1024\" height=\"768\" src=\"https:\/\/encuentroinformativo.com.mx\/wp-content\/uploads\/2023\/03\/IMG_8748-1024x768.jpg\" alt=\"\" class=\"wp-image-38644\" srcset=\"https:\/\/encuentroinformativo.com.mx\/wp-content\/uploads\/2023\/03\/IMG_8748-1024x768.jpg 1024w, https:\/\/encuentroinformativo.com.mx\/wp-content\/uploads\/2023\/03\/IMG_8748-300x225.jpg 300w, https:\/\/encuentroinformativo.com.mx\/wp-content\/uploads\/2023\/03\/IMG_8748-768x576.jpg 768w, https:\/\/encuentroinformativo.com.mx\/wp-content\/uploads\/2023\/03\/IMG_8748.jpg 1502w\" sizes=\"auto, (max-width: 1024px) 100vw, 1024px\" \/><\/figure>\n","protected":false},"excerpt":{"rendered":"<p>Juan Arcos Xalapa, Ver &#8211; En el pa\u00eds y en el estado de Veracruz no se garantiza la seguridad de los periodistas, alert\u00f3 Balbina Flores, corresponsal de la organizaci\u00f3n Reporteros Sin Fronteras (RSF). La defensora de los derechos humanos particip\u00f3 en el tercer aniversario del asesinato de la periodista Mar\u00eda Elena Ferral, en Plaza Sebasti\u00e1n [&hellip;]<\/p>\n","protected":false},"author":2476,"featured_media":38643,"comment_status":"open","ping_status":"open","sticky":false,"template":"","format":"standard","meta":{"_jetpack_memberships_contains_paid_content":false,"footnotes":""},"categories":[2],"tags":[],"class_list":["post-38642","post","type-post","status-publish","format-standard","has-post-thumbnail","hentry","category-estado"],"jetpack_featured_media_url":"https:\/\/encuentroinformativo.com.mx\/wp-content\/uploads\/2023\/03\/IMG_8738.jpg","jetpack_sharing_enabled":true,"jetpack_likes_enabled":true,"amp_enabled":true,"_links":{"self":[{"href":"https:\/\/encuentroinformativo.com.mx\/index.php?rest_route=\/wp\/v2\/posts\/38642","targetHints":{"allow":["GET"]}}],"collection":[{"href":"https:\/\/encuentroinformativo.com.mx\/index.php?rest_route=\/wp\/v2\/posts"}],"about":[{"href":"https:\/\/encuentroinformativo.com.mx\/index.php?rest_route=\/wp\/v2\/types\/post"}],"author":[{"embeddable":true,"href":"https:\/\/encuentroinformativo.com.mx\/index.php?rest_route=\/wp\/v2\/users\/2476"}],"replies":[{"embeddable":true,"href":"https:\/\/encuentroinformativo.com.mx\/index.php?rest_route=%2Fwp%2Fv2%2Fcomments&post=38642"}],"version-history":[{"count":1,"href":"https:\/\/encuentroinformativo.com.mx\/index.php?rest_route=\/wp\/v2\/posts\/38642\/revisions"}],"predecessor-version":[{"id":38645,"href":"https:\/\/encuentroinformativo.com.mx\/index.php?rest_route=\/wp\/v2\/posts\/38642\/revisions\/38645"}],"wp:featuredmedia":[{"embeddable":true,"href":"https:\/\/encuentroinformativo.com.mx\/index.php?rest_route=\/wp\/v2\/media\/38643"}],"wp:attachment":[{"href":"https:\/\/encuentroinformativo.com.mx\/index.php?rest_route=%2Fwp%2Fv2%2Fmedia&parent=38642"}],"wp:term":[{"taxonomy":"category","embeddable":true,"href":"https:\/\/encuentroinformativo.com.mx\/index.php?rest_route=%2Fwp%2Fv2%2Fcategories&post=38642"},{"taxonomy":"post_tag","embeddable":true,"href":"https:\/\/encuentroinformativo.com.mx\/index.php?rest_route=%2Fwp%2Fv2%2Ftags&post=38642"}],"curies":[{"name":"wp","href":"https:\/\/api.w.org\/{rel}","templated":true}]}}