{"id":38654,"date":"2023-03-30T16:39:04","date_gmt":"2023-03-30T22:39:04","guid":{"rendered":"https:\/\/encuentroinformativo.com.mx\/?p=38654"},"modified":"2023-03-30T16:39:08","modified_gmt":"2023-03-30T22:39:08","slug":"reaprehenden-a-ex-policia-involucrado-en-desaparicion-y-asesinato-de-moises-sanchez","status":"publish","type":"post","link":"https:\/\/encuentroinformativo.com.mx\/?p=38654","title":{"rendered":"Reaprehenden a ex polic\u00eda involucrado en desaparici\u00f3n y asesinato de Mois\u00e9s S\u00e1nchez"},"content":{"rendered":"\n<p><strong>Alejandro \u00c1vila<\/strong><\/p>\n\n\n\n<p><strong>Fotos:<em> <\/em><\/strong>Sergio Aldazaba\/Cortes\u00eda <\/p>\n\n\n\n<p>Veracruz, Ver.- La tarde de este jueves personal de la Polic\u00eda Ministerial de Veracruz, reaprendi\u00f3 al ex elemento de la Polic\u00eda Municipal de Medell\u00edn, Luigui Heriberto B. Z.; qui\u00e9n se presume particip\u00f3 en la desaparici\u00f3n y asesinato del periodista Mois\u00e9s S\u00e1nchez Cerezo.<\/p>\n\n\n\n<p>El operativo se despleg\u00f3 en el municipio de Coatepec, donde tras su localizaci\u00f3n, fue trasladado a la Fiscal\u00eda Regional ubicada en la colonia Las Bajadas del municipio de Veracruz.<\/p>\n\n\n\n<p>Ser\u00e1 en las pr\u00f3ximas horas cuando se presente al imputado ante un Juez, qui\u00e9n le fincar\u00eda la responsabilidad correspondiente.<\/p>\n\n\n\n<p>Cabe recordar que, el asesinato del periodista medell\u00ednense ocurri\u00f3 en enero del 2015; cuando elementos de la Secretar\u00eda de Seguridad P\u00fablica ingresaron a su domicilio y lo privaron de su libertad, el cuerpo del periodista fue encontrado 20 d\u00edas despu\u00e9s con huellas de violencia, en el municipio de Manlio Fabio Altamirano.<\/p>\n\n\n\n<p>Ocho a\u00f1os han pasado del asesinato y al momento no se ha podido detener al presunto autor intelectual, Omar Cruz, quien en aquel entonces era alcalde de dicho municipio, y el cual a\u00fan permanece pr\u00f3fugo de la justicia, pues s\u00f3lo han detenido a sus supuestos c\u00f3mplices.<\/p>\n\n\n\n<p>En su momento, fueron detenidos, arraigados y posteriormente procesados los ex elementos de la municipal, el comandante Mario R. V. as\u00ed como sus elementos Clemente No\u00e9 R. M., Mart\u00edn L. M., Jos\u00e9 Francisco G. R. y el hoy reaprehendido Luigui Heriberto B. Z. por el delito de incumplimiento de un deber legal.<\/p>\n\n\n\n<p>Al d\u00eda de hoy, Jorge Sanchez hijo del periodista asesinado, junto a toda su familia, a\u00fan claman por justicia ya que el caso no ha sido esclarecido y el autor intelectual jam\u00e1s ha sido presentado ante un tribunal.<\/p>\n\n\n\n<figure class=\"wp-block-image size-large\"><img loading=\"lazy\" decoding=\"async\" width=\"1024\" height=\"678\" src=\"https:\/\/encuentroinformativo.com.mx\/wp-content\/uploads\/2023\/03\/Point-Blur_Mar302023_163517-1024x678.jpg\" alt=\"\" class=\"wp-image-38656\" srcset=\"https:\/\/encuentroinformativo.com.mx\/wp-content\/uploads\/2023\/03\/Point-Blur_Mar302023_163517-1024x678.jpg 1024w, https:\/\/encuentroinformativo.com.mx\/wp-content\/uploads\/2023\/03\/Point-Blur_Mar302023_163517-300x199.jpg 300w, https:\/\/encuentroinformativo.com.mx\/wp-content\/uploads\/2023\/03\/Point-Blur_Mar302023_163517-768x509.jpg 768w, https:\/\/encuentroinformativo.com.mx\/wp-content\/uploads\/2023\/03\/Point-Blur_Mar302023_163517-1536x1018.jpg 1536w, https:\/\/encuentroinformativo.com.mx\/wp-content\/uploads\/2023\/03\/Point-Blur_Mar302023_163517.jpg 1600w\" sizes=\"auto, (max-width: 1024px) 100vw, 1024px\" \/><\/figure>\n","protected":false},"excerpt":{"rendered":"<p>Alejandro \u00c1vila Fotos: Sergio Aldazaba\/Cortes\u00eda Veracruz, Ver.- La tarde de este jueves personal de la Polic\u00eda Ministerial de Veracruz, reaprendi\u00f3 al ex elemento de la Polic\u00eda Municipal de Medell\u00edn, Luigui Heriberto B. Z.; qui\u00e9n se presume particip\u00f3 en la desaparici\u00f3n y asesinato del periodista Mois\u00e9s S\u00e1nchez Cerezo. El operativo se despleg\u00f3 en el municipio de [&hellip;]<\/p>\n","protected":false},"author":2476,"featured_media":38655,"comment_status":"open","ping_status":"open","sticky":false,"template":"","format":"standard","meta":{"_jetpack_memberships_contains_paid_content":false,"footnotes":""},"categories":[14],"tags":[],"class_list":["post-38654","post","type-post","status-publish","format-standard","has-post-thumbnail","hentry","category-policiaca"],"jetpack_featured_media_url":"https:\/\/encuentroinformativo.com.mx\/wp-content\/uploads\/2023\/03\/IMG-20230330-WA0131.jpg","jetpack_sharing_enabled":true,"jetpack_likes_enabled":true,"amp_enabled":true,"_links":{"self":[{"href":"https:\/\/encuentroinformativo.com.mx\/index.php?rest_route=\/wp\/v2\/posts\/38654","targetHints":{"allow":["GET"]}}],"collection":[{"href":"https:\/\/encuentroinformativo.com.mx\/index.php?rest_route=\/wp\/v2\/posts"}],"about":[{"href":"https:\/\/encuentroinformativo.com.mx\/index.php?rest_route=\/wp\/v2\/types\/post"}],"author":[{"embeddable":true,"href":"https:\/\/encuentroinformativo.com.mx\/index.php?rest_route=\/wp\/v2\/users\/2476"}],"replies":[{"embeddable":true,"href":"https:\/\/encuentroinformativo.com.mx\/index.php?rest_route=%2Fwp%2Fv2%2Fcomments&post=38654"}],"version-history":[{"count":1,"href":"https:\/\/encuentroinformativo.com.mx\/index.php?rest_route=\/wp\/v2\/posts\/38654\/revisions"}],"predecessor-version":[{"id":38657,"href":"https:\/\/encuentroinformativo.com.mx\/index.php?rest_route=\/wp\/v2\/posts\/38654\/revisions\/38657"}],"wp:featuredmedia":[{"embeddable":true,"href":"https:\/\/encuentroinformativo.com.mx\/index.php?rest_route=\/wp\/v2\/media\/38655"}],"wp:attachment":[{"href":"https:\/\/encuentroinformativo.com.mx\/index.php?rest_route=%2Fwp%2Fv2%2Fmedia&parent=38654"}],"wp:term":[{"taxonomy":"category","embeddable":true,"href":"https:\/\/encuentroinformativo.com.mx\/index.php?rest_route=%2Fwp%2Fv2%2Fcategories&post=38654"},{"taxonomy":"post_tag","embeddable":true,"href":"https:\/\/encuentroinformativo.com.mx\/index.php?rest_route=%2Fwp%2Fv2%2Ftags&post=38654"}],"curies":[{"name":"wp","href":"https:\/\/api.w.org\/{rel}","templated":true}]}}