{"id":38658,"date":"2023-03-30T18:57:05","date_gmt":"2023-03-31T00:57:05","guid":{"rendered":"https:\/\/encuentroinformativo.com.mx\/?p=38658"},"modified":"2023-03-30T18:57:08","modified_gmt":"2023-03-31T00:57:08","slug":"en-un-mes-detalles-de-eliminacion-de-caseta-de-fortin","status":"publish","type":"post","link":"https:\/\/encuentroinformativo.com.mx\/?p=38658","title":{"rendered":"En un mes, detalles de eliminaci\u00f3n de caseta de Fort\u00edn"},"content":{"rendered":"\n<p><strong>Dar\u00edo Pale <\/strong><\/p>\n\n\n\n<p>Xalapa, Ver &#8211; El Cobro de la caseta de Fort\u00edn se traslada a casetas de Cuitl\u00e1huac y La Esperanza, as\u00ed lo dio a conocer el gobernador Cuitl\u00e1huac Garc\u00eda Jim\u00e9nez.<\/p>\n\n\n\n<p>En entrevista, tras el anuncio del titular de la SCT, Jorge Nu\u00f1o, record\u00f3 que despu\u00e9s de a\u00f1o y medio de que se ven\u00eda analizando una soluci\u00f3n, hab\u00eda tres opciones, una de esas era la ampliaci\u00f3n de la caseta de Fort\u00edn.<\/p>\n\n\n\n<p>&#8220;Jorge Nu\u00f1o entendi\u00f3 la situaci\u00f3n, el an\u00e1lisis que hicieron, que la misma CAPUFE le present\u00f3 y entre todos empujamos ese tema, hay que mencionar a la Canacar, a los industriales de Orizaba, de Ixtaczoquitl\u00e1n, a los empresarios de C\u00f3rdoba, a la sociedad que esta petici\u00f3n llega al titular de la SCT, obviamente con el visto bueno del Presidente&#8221;, se\u00f1al\u00f3.<\/p>\n\n\n\n<p>El Ejecutivo refiri\u00f3 que le insisti\u00f3 al secretario si era verdad el anuncio y le respondi\u00f3 que ten\u00edan el estudio y por ello har\u00eda el anuncio formal.<\/p>\n\n\n\n<p>Por \u00faltimo pidi\u00f3 esperar un mes para dar a conocer los detalles y se elimine la caseta, en ese sentido, dijo a los empresarios: &#8220;estamos cumpliendo, no fue sencillo&#8221;.<\/p>\n","protected":false},"excerpt":{"rendered":"<p>Dar\u00edo Pale Xalapa, Ver &#8211; El Cobro de la caseta de Fort\u00edn se traslada a casetas de Cuitl\u00e1huac y La Esperanza, as\u00ed lo dio a conocer el gobernador Cuitl\u00e1huac Garc\u00eda Jim\u00e9nez. En entrevista, tras el anuncio del titular de la SCT, Jorge Nu\u00f1o, record\u00f3 que despu\u00e9s de a\u00f1o y medio de que se ven\u00eda analizando [&hellip;]<\/p>\n","protected":false},"author":2476,"featured_media":38659,"comment_status":"open","ping_status":"open","sticky":false,"template":"","format":"standard","meta":{"_jetpack_memberships_contains_paid_content":false,"footnotes":""},"categories":[2],"tags":[],"class_list":["post-38658","post","type-post","status-publish","format-standard","has-post-thumbnail","hentry","category-estado"],"jetpack_featured_media_url":"https:\/\/encuentroinformativo.com.mx\/wp-content\/uploads\/2023\/03\/Photo_1680224005832.jpg","jetpack_sharing_enabled":true,"jetpack_likes_enabled":true,"amp_enabled":true,"_links":{"self":[{"href":"https:\/\/encuentroinformativo.com.mx\/index.php?rest_route=\/wp\/v2\/posts\/38658","targetHints":{"allow":["GET"]}}],"collection":[{"href":"https:\/\/encuentroinformativo.com.mx\/index.php?rest_route=\/wp\/v2\/posts"}],"about":[{"href":"https:\/\/encuentroinformativo.com.mx\/index.php?rest_route=\/wp\/v2\/types\/post"}],"author":[{"embeddable":true,"href":"https:\/\/encuentroinformativo.com.mx\/index.php?rest_route=\/wp\/v2\/users\/2476"}],"replies":[{"embeddable":true,"href":"https:\/\/encuentroinformativo.com.mx\/index.php?rest_route=%2Fwp%2Fv2%2Fcomments&post=38658"}],"version-history":[{"count":1,"href":"https:\/\/encuentroinformativo.com.mx\/index.php?rest_route=\/wp\/v2\/posts\/38658\/revisions"}],"predecessor-version":[{"id":38660,"href":"https:\/\/encuentroinformativo.com.mx\/index.php?rest_route=\/wp\/v2\/posts\/38658\/revisions\/38660"}],"wp:featuredmedia":[{"embeddable":true,"href":"https:\/\/encuentroinformativo.com.mx\/index.php?rest_route=\/wp\/v2\/media\/38659"}],"wp:attachment":[{"href":"https:\/\/encuentroinformativo.com.mx\/index.php?rest_route=%2Fwp%2Fv2%2Fmedia&parent=38658"}],"wp:term":[{"taxonomy":"category","embeddable":true,"href":"https:\/\/encuentroinformativo.com.mx\/index.php?rest_route=%2Fwp%2Fv2%2Fcategories&post=38658"},{"taxonomy":"post_tag","embeddable":true,"href":"https:\/\/encuentroinformativo.com.mx\/index.php?rest_route=%2Fwp%2Fv2%2Ftags&post=38658"}],"curies":[{"name":"wp","href":"https:\/\/api.w.org\/{rel}","templated":true}]}}