{"id":3866,"date":"2020-07-05T16:48:39","date_gmt":"2020-07-05T21:48:39","guid":{"rendered":"https:\/\/encuentroinformativo.com\/?p=3866"},"modified":"2020-07-05T16:48:41","modified_gmt":"2020-07-05T21:48:41","slug":"promueven-uso-de-cubrebocas-en-transporte-publico","status":"publish","type":"post","link":"https:\/\/encuentroinformativo.com.mx\/?p=3866","title":{"rendered":"Promueven uso de cubrebocas en transporte p\u00fablico"},"content":{"rendered":"\n<p><strong>Elisa Aburto<\/strong><\/p>\n\n\n\n<p>Xalapa, Ver.- Ante la pandemia que se vive por Covid y el retorno de la entidad veracruzana al sem\u00e1foro rojo por dicho padecimiento, algunas l\u00edneas de autotransporte han reforzado las medidas para concientizar a las personas sobre el uso de cubrebocas.&nbsp;<\/p>\n\n\n\n<p>Y es que al exterior de las unidades de autobuses se observan grandes letreros que invitan a los usuarios para que hagan uso del cubrebocas al hacer uso de esos servicios.&nbsp;<\/p>\n\n\n\n<p>Por lo que se puede observar que tambi\u00e9n los conductores de las unidades <em>Miradores <\/em>hacen uso del cubrebocas; a diferencia de otras l\u00edneas de autobuses donde no portan letreros y tampoco los conductores ponen el ejemplo.<\/p>\n\n\n\n<p>A decir de Diana quien debe hacer uso del transporte p\u00fablico para poder cubrir sus actividades, por lo general uno de cada diez usuarios hacen uso del cubrebocas.&nbsp;<\/p>\n\n\n\n<p>\u201cLa verdad es lamentable porque si tenemos la necesidad de salir para cumplir con nuestras actividades lo menos que podemos hacer es cuidarnos para cuidar tambi\u00e9n a los dem\u00e1s, y la verdad son pocas las personas que se suben al cami\u00f3n y siguen haciendo uso del cubrebocas\u201d.&nbsp;<\/p>\n\n\n\n<p>Yo estoy a favor de que las autoridades lo pusieran como una medida obligatoria por el bien de todos -se\u00f1al\u00f3- si no los dejan subir por no usar cubrebocas ver\u00edas como todos se obligar\u00edan a usarlo.<\/p>\n\n\n\n<p>Una opini\u00f3n similar se\u00f1al\u00f3 Fernando quien debe usar las rutas que lo lleven a Banderilla para llegar a su centro de trabajo, sin embargo, reconoce que viajar en el transporte p\u00fablico implica riesgos debido a que no todos los usuarios toman las medidas de precauci\u00f3n.&nbsp;<\/p>\n\n\n\n<p>\u201cEn mi caso sigo saliendo lo menos posible para cuidar a mi familia, pero al lugar de trabajo no podemos fallar precisamente por lo dif\u00edcil que est\u00e1n las cosas. Y es algo que s\u00ed observo de forma regular, son muchas las personas que ya no usan cubrebocas para salir a la calle o subirse a los camiones y sino hacen eso estando en la calle no creo que sigan otras medidas sanitarias de prevenci\u00f3n\u201d.<\/p>\n\n\n\n<p>De esta forma con letreros en las unidades del transporte p\u00fablico autoridades buscan seguir creando conciencia sobre la importancia de usar cubrebocas como una medida sanitaria de prevenci\u00f3n ante los riesgos por Covid.\u00a0<\/p>\n\n\n\n<figure class=\"wp-block-image size-large\"><img loading=\"lazy\" decoding=\"async\" width=\"694\" height=\"400\" src=\"https:\/\/encuentroinformativo.com.mx\/wp-content\/uploads\/2020\/07\/D735884F-EE99-41FD-A232-CA853EF99099.jpeg\" alt=\"\" class=\"wp-image-3863\" srcset=\"https:\/\/encuentroinformativo.com.mx\/wp-content\/uploads\/2020\/07\/D735884F-EE99-41FD-A232-CA853EF99099.jpeg 694w, https:\/\/encuentroinformativo.com.mx\/wp-content\/uploads\/2020\/07\/D735884F-EE99-41FD-A232-CA853EF99099-300x173.jpeg 300w\" sizes=\"auto, (max-width: 694px) 100vw, 694px\" \/><\/figure>\n","protected":false},"excerpt":{"rendered":"<p>Elisa Aburto Xalapa, Ver.- Ante la pandemia que se vive por Covid y el retorno de la entidad veracruzana al sem\u00e1foro rojo por dicho padecimiento, algunas l\u00edneas de autotransporte han reforzado las medidas para concientizar a las personas sobre el uso de cubrebocas.&nbsp; Y es que al exterior de las unidades de autobuses se observan [&hellip;]<\/p>\n","protected":false},"author":1,"featured_media":3864,"comment_status":"open","ping_status":"open","sticky":false,"template":"","format":"standard","meta":{"_jetpack_memberships_contains_paid_content":false,"footnotes":""},"categories":[3],"tags":[],"class_list":["post-3866","post","type-post","status-publish","format-standard","has-post-thumbnail","hentry","category-xalapa"],"jetpack_featured_media_url":"https:\/\/encuentroinformativo.com.mx\/wp-content\/uploads\/2020\/07\/794F1B48-D2F6-4E79-B0D7-422EC515B62C.jpeg","jetpack_sharing_enabled":true,"jetpack_likes_enabled":true,"amp_enabled":true,"_links":{"self":[{"href":"https:\/\/encuentroinformativo.com.mx\/index.php?rest_route=\/wp\/v2\/posts\/3866","targetHints":{"allow":["GET"]}}],"collection":[{"href":"https:\/\/encuentroinformativo.com.mx\/index.php?rest_route=\/wp\/v2\/posts"}],"about":[{"href":"https:\/\/encuentroinformativo.com.mx\/index.php?rest_route=\/wp\/v2\/types\/post"}],"author":[{"embeddable":true,"href":"https:\/\/encuentroinformativo.com.mx\/index.php?rest_route=\/wp\/v2\/users\/1"}],"replies":[{"embeddable":true,"href":"https:\/\/encuentroinformativo.com.mx\/index.php?rest_route=%2Fwp%2Fv2%2Fcomments&post=3866"}],"version-history":[{"count":1,"href":"https:\/\/encuentroinformativo.com.mx\/index.php?rest_route=\/wp\/v2\/posts\/3866\/revisions"}],"predecessor-version":[{"id":3867,"href":"https:\/\/encuentroinformativo.com.mx\/index.php?rest_route=\/wp\/v2\/posts\/3866\/revisions\/3867"}],"wp:featuredmedia":[{"embeddable":true,"href":"https:\/\/encuentroinformativo.com.mx\/index.php?rest_route=\/wp\/v2\/media\/3864"}],"wp:attachment":[{"href":"https:\/\/encuentroinformativo.com.mx\/index.php?rest_route=%2Fwp%2Fv2%2Fmedia&parent=3866"}],"wp:term":[{"taxonomy":"category","embeddable":true,"href":"https:\/\/encuentroinformativo.com.mx\/index.php?rest_route=%2Fwp%2Fv2%2Fcategories&post=3866"},{"taxonomy":"post_tag","embeddable":true,"href":"https:\/\/encuentroinformativo.com.mx\/index.php?rest_route=%2Fwp%2Fv2%2Ftags&post=3866"}],"curies":[{"name":"wp","href":"https:\/\/api.w.org\/{rel}","templated":true}]}}