{"id":38661,"date":"2023-03-30T22:41:55","date_gmt":"2023-03-31T04:41:55","guid":{"rendered":"https:\/\/encuentroinformativo.com.mx\/?p=38661"},"modified":"2023-03-30T22:41:59","modified_gmt":"2023-03-31T04:41:59","slug":"implementan-operativo-salvavidas-en-boca-del-rio-para-semana-santa-alcalde-jm-unanue","status":"publish","type":"post","link":"https:\/\/encuentroinformativo.com.mx\/?p=38661","title":{"rendered":"Implementan Operativo Salvavidas en Boca del R\u00edo para Semana Santa: Alcalde JM Un\u00e1nue"},"content":{"rendered":"\n<p>*<strong><em>Particip\u00f3 en el banderazo de la Operaci\u00f3n Salvavidas 2023 que encabeza la Secretar\u00eda de Marina<\/em>.<\/strong><\/p>\n\n\n\n<p>Boca del R\u00edo, Ver.- Para garantizar la seguridad de locales y visitantes durante el periodo de vacaciones de Semana Santa, el Alcalde de Boca del R\u00edo, Juan Manuel Un\u00e1nue Abascal, particip\u00f3 en el banderazo de la Operaci\u00f3n Salvavidas Semana Santa 2023 que encabeza la Secretar\u00eda de Marina (SEMAR).<\/p>\n\n\n\n<p>Ante la presencia del Jefe Interino del Estado Mayor de la Tercera Regi\u00f3n Naval, Mart\u00edn Felipe de Jes\u00fas Santill\u00e1n Murillo, reconoci\u00f3 el trabajo de la Tercera Regi\u00f3n Naval que en todo momento ha coordinado de manera efectiva las tareas de seguridad y apoyo a los boque\u00f1os.<\/p>\n\n\n\n<p>\u201cDe esta forma se garantiza de que en las vacaciones de Semana Santa Boca del R\u00edo est\u00e9 seguro, estable, limpio y presentable para la llegada de los turistas, esperamos una afluencia de visitantes locales, nacionales, extranjeros y por supuesto una ocupaci\u00f3n hotelera del cien por ciento\u201d, coment\u00f3 el Alcalde.<\/p>\n\n\n\n<p>El Presidente Municipal record\u00f3 que desde hace 15 meses que dio inicio la actual administraci\u00f3n, se cuenta con una positiva comunicaci\u00f3n con los diferentes ordenes de gobierno, tal es el caso del Estatal y Federal.<\/p>\n\n\n\n<p>Confirmando que se han mantenido pl\u00e1ticas con el Gobierno del Estado de Veracruz, SEMAR y la Guardia Nacional para que la ciudad se mantenga estable y segura durante las pr\u00f3ximas vacaciones.<\/p>\n\n\n\n<p>Durante la presentaci\u00f3n de la Operaci\u00f3n Salvavidas Semana Santa 2023 en el bulevar Manuel \u00c1vila Camacho, se cont\u00f3 con la participaci\u00f3n de la Fuerza de Tarea de Seguridad Municipal de Boca del R\u00edo.<\/p>\n\n\n\n<p>Por lo que a partir de esta fecha el operativo conjunto estar\u00e1 en marcha para garantizar la seguridad de quienes visiten la zona conurbada.<\/p>\n\n\n\n<p>Un\u00e1nue Abascal apunt\u00f3 que las dependencias municipales que permanecer\u00e1n en alerta durante este periodo son la Direcci\u00f3n de Gobernaci\u00f3n, Protecci\u00f3n Civil Municipal, Polic\u00eda Municipal, Tr\u00e1nsito Municipal, Direcci\u00f3n de Turismo, DIF de Boca del R\u00edo, entre otras \u00e1reas operativas.<\/p>\n\n\n\n<p>Poniendo especial \u00e9nfasis en la zona de playas, uno de los principales atractivos de la ciudad donde se contar\u00e1 con la participaci\u00f3n de 25 guardavidas, quienes estar\u00e1n presentes en las siete playas con las que cuenta el municipio.<\/p>\n\n\n\n<p>Cabe destacar que desde el inicio de la administraci\u00f3n se procedi\u00f3 a cambiar todas las torres salvavidas, que adem\u00e1s de dar una buena imagen, son una herramienta muy importante para el personal de Protecci\u00f3n Civil boque\u00f1o.<\/p>\n\n\n\n<p>Asimismo record\u00f3 que desde d\u00edas pasados se realizan acciones de rehabilitaci\u00f3n y embellecimiento de la ciudad como parte de los preparativos pare recibir a los visitantes con los brazos abiertos a Boca del R\u00edo, el principal destino tur\u00edstico de Veracruz y el sureste mexicano.<\/p>\n\n\n\n<figure class=\"wp-block-image size-large\"><img loading=\"lazy\" decoding=\"async\" width=\"1024\" height=\"682\" src=\"https:\/\/encuentroinformativo.com.mx\/wp-content\/uploads\/2023\/03\/IMG-20230330-WA0152-1024x682.jpg\" alt=\"\" class=\"wp-image-38663\" srcset=\"https:\/\/encuentroinformativo.com.mx\/wp-content\/uploads\/2023\/03\/IMG-20230330-WA0152-1024x682.jpg 1024w, https:\/\/encuentroinformativo.com.mx\/wp-content\/uploads\/2023\/03\/IMG-20230330-WA0152-300x200.jpg 300w, https:\/\/encuentroinformativo.com.mx\/wp-content\/uploads\/2023\/03\/IMG-20230330-WA0152-768x512.jpg 768w, https:\/\/encuentroinformativo.com.mx\/wp-content\/uploads\/2023\/03\/IMG-20230330-WA0152-1536x1023.jpg 1536w, https:\/\/encuentroinformativo.com.mx\/wp-content\/uploads\/2023\/03\/IMG-20230330-WA0152.jpg 1600w\" sizes=\"auto, (max-width: 1024px) 100vw, 1024px\" \/><\/figure>\n","protected":false},"excerpt":{"rendered":"<p>*Particip\u00f3 en el banderazo de la Operaci\u00f3n Salvavidas 2023 que encabeza la Secretar\u00eda de Marina. Boca del R\u00edo, Ver.- Para garantizar la seguridad de locales y visitantes durante el periodo de vacaciones de Semana Santa, el Alcalde de Boca del R\u00edo, Juan Manuel Un\u00e1nue Abascal, particip\u00f3 en el banderazo de la Operaci\u00f3n Salvavidas Semana Santa [&hellip;]<\/p>\n","protected":false},"author":2476,"featured_media":38662,"comment_status":"open","ping_status":"open","sticky":false,"template":"","format":"standard","meta":{"_jetpack_memberships_contains_paid_content":false,"footnotes":""},"categories":[2],"tags":[],"class_list":["post-38661","post","type-post","status-publish","format-standard","has-post-thumbnail","hentry","category-estado"],"jetpack_featured_media_url":"https:\/\/encuentroinformativo.com.mx\/wp-content\/uploads\/2023\/03\/IMG-20230330-WA0150.jpg","jetpack_sharing_enabled":true,"jetpack_likes_enabled":true,"amp_enabled":true,"_links":{"self":[{"href":"https:\/\/encuentroinformativo.com.mx\/index.php?rest_route=\/wp\/v2\/posts\/38661","targetHints":{"allow":["GET"]}}],"collection":[{"href":"https:\/\/encuentroinformativo.com.mx\/index.php?rest_route=\/wp\/v2\/posts"}],"about":[{"href":"https:\/\/encuentroinformativo.com.mx\/index.php?rest_route=\/wp\/v2\/types\/post"}],"author":[{"embeddable":true,"href":"https:\/\/encuentroinformativo.com.mx\/index.php?rest_route=\/wp\/v2\/users\/2476"}],"replies":[{"embeddable":true,"href":"https:\/\/encuentroinformativo.com.mx\/index.php?rest_route=%2Fwp%2Fv2%2Fcomments&post=38661"}],"version-history":[{"count":1,"href":"https:\/\/encuentroinformativo.com.mx\/index.php?rest_route=\/wp\/v2\/posts\/38661\/revisions"}],"predecessor-version":[{"id":38664,"href":"https:\/\/encuentroinformativo.com.mx\/index.php?rest_route=\/wp\/v2\/posts\/38661\/revisions\/38664"}],"wp:featuredmedia":[{"embeddable":true,"href":"https:\/\/encuentroinformativo.com.mx\/index.php?rest_route=\/wp\/v2\/media\/38662"}],"wp:attachment":[{"href":"https:\/\/encuentroinformativo.com.mx\/index.php?rest_route=%2Fwp%2Fv2%2Fmedia&parent=38661"}],"wp:term":[{"taxonomy":"category","embeddable":true,"href":"https:\/\/encuentroinformativo.com.mx\/index.php?rest_route=%2Fwp%2Fv2%2Fcategories&post=38661"},{"taxonomy":"post_tag","embeddable":true,"href":"https:\/\/encuentroinformativo.com.mx\/index.php?rest_route=%2Fwp%2Fv2%2Ftags&post=38661"}],"curies":[{"name":"wp","href":"https:\/\/api.w.org\/{rel}","templated":true}]}}