{"id":38669,"date":"2023-03-31T09:59:31","date_gmt":"2023-03-31T15:59:31","guid":{"rendered":"https:\/\/encuentroinformativo.com.mx\/?p=38669"},"modified":"2023-03-31T09:59:35","modified_gmt":"2023-03-31T15:59:35","slug":"depredador","status":"publish","type":"post","link":"https:\/\/encuentroinformativo.com.mx\/?p=38669","title":{"rendered":"Depredador"},"content":{"rendered":"\n<p><strong>Los Pol\u00edticos<\/strong><\/p>\n\n\n\n<p><strong>Salvador Mu\u00f1oz<\/strong><\/p>\n\n\n\n<p>La llamaron Protesta a la acci\u00f3n de las ediles porte\u00f1as para retirarse de la Sesi\u00f3n de Cabildo del Ayuntamiento de Veracruz del pasado martes, porque no estaban dispuestas a compartir la mesa con un presunto violador, en clara alusi\u00f3n al regidor Sebasti\u00e1n Cano, quien ha sido se\u00f1alado y acusado por acoso y abuso sexual.<\/p>\n\n\n\n<p>Estoy seguro que en la Protesta va impl\u00edcito el Rechazo y el Desprecio al individuo, a la persona, y agregue la Impotencia, porque a pesar de 16 acusaciones donde cuatro han llegado antes las autoridades ministeriales, la Ley no se ve y la Justicia, brilla por su ausencia.<\/p>\n\n\n\n<p>Hablemos de la Ley y la Justicia para los involucrados: las que se\u00f1alan a Sebasti\u00e1n Cano como acosador o violador; y el se\u00f1alado, Sebasti\u00e1n Cano al que por tr\u00e1mite legal, hay que darle el beneficio de la \u201cdura\u201d.<\/p>\n\n\n\n<p>Cuando nos referimos a \u201clas que se\u00f1alan\u201d no hablamos de Belem Palmeros, sino de las mujeres que a trav\u00e9s de la regidora, se han hecho escuchar para demandar castigo para quien ellas se\u00f1alan como su agresor.<\/p>\n\n\n\n<p>Por otra parte, est\u00e1 Sebasti\u00e1n Cano, quien s\u00f3lo respondi\u00f3 al primer caso del que es acusado, plante\u00e1ndose como \u201cv\u00edctima\u201d y no \u201cvictimario\u201d. No obstante eso, hay una carpeta de investigaci\u00f3n ante la denuncia que su ex novia de la Facultad de Ciencias de la Comunicaci\u00f3n de la UV, hizo contra \u00e9l: F4\/774\/2023. Y hay tres denuncias m\u00e1s de diferentes personas.<\/p>\n\n\n\n<p>Es decir, no hablamos de un caso aislado (dixit Cuic), sino de una constante que al parecer inici\u00f3 en la secundaria, prepa, universidad y \u00e1rea laboral\u2026 es pocas palabras, de acuerdo a lo que se ha expuesto en medios, lo denunciado ante las autoridades competentes y culminado hasta este momento por la protesta de las regidoras encabezadas por Belem Palmeros, nos pone en un escaparate a un \u201cDepredador\u201d, y no precisamente como Arnold \u201cChuaseneguer\u201d\u2026<\/p>\n\n\n\n<p>Es decir, estar\u00edamos hablando de una persona con un comportamiento agresivo hacia el sexo femenino, que cosifica a la mujer, y que ve en la agresi\u00f3n, verbal o f\u00edsica, lo m\u00e1s normal en un rec\u00f3ndito espacio dentro de su cr\u00e1neo\u2026 y lo peor de todo, con clara tendencia a repetir el comportamiento las veces que tenga oportunidad de hacerlo, sea aprovechando el ejercicio del poder, y en el peor de los casos (si puede calificarse como Peor), por naturaleza torcida.<br>Si se dieron cuenta, aqu\u00ed no hablamos de colores, partidos o siglas\u2026 sino de la persona en un cargo p\u00fablico, de un representante popular, de alguien que en cuanto alz\u00f3 la voz por las mujeres, \u00e9stas le recordaron qui\u00e9n era.<\/p>\n\n\n\n<p>Sebasti\u00e1n Cano tiene dos opciones: enfrentar como ciudadano ante las autoridades correspondientes las acusaciones que hay en su contra, o continuar siendo el motivo de una protesta en las redes sociales, en las afueras del Palacio Municipal, en una Sesi\u00f3n de Cabildo\u2026<\/p>\n\n\n\n<p>Ojal\u00e1 la Fiscal\u00eda ayude a resolver lo m\u00e1s pronto posible este tema, porque en primera instancia, en el Puerto, en el Estado, en el Pa\u00eds, y allende la frontera, la sociedad ya lo juzg\u00f3\u2026<\/p>\n","protected":false},"excerpt":{"rendered":"<p>Los Pol\u00edticos Salvador Mu\u00f1oz La llamaron Protesta a la acci\u00f3n de las ediles porte\u00f1as para retirarse de la Sesi\u00f3n de Cabildo del Ayuntamiento de Veracruz del pasado martes, porque no estaban dispuestas a compartir la mesa con un presunto violador, en clara alusi\u00f3n al regidor Sebasti\u00e1n Cano, quien ha sido se\u00f1alado y acusado por acoso [&hellip;]<\/p>\n","protected":false},"author":2476,"featured_media":387,"comment_status":"open","ping_status":"open","sticky":false,"template":"","format":"standard","meta":{"_jetpack_memberships_contains_paid_content":false,"footnotes":""},"categories":[11],"tags":[],"class_list":["post-38669","post","type-post","status-publish","format-standard","has-post-thumbnail","hentry","category-opinion"],"jetpack_featured_media_url":"https:\/\/encuentroinformativo.com.mx\/wp-content\/uploads\/2020\/03\/7CF8A22B-2764-47BE-8F7F-38FE9E5D6A2F.jpeg","jetpack_sharing_enabled":true,"jetpack_likes_enabled":true,"amp_enabled":true,"_links":{"self":[{"href":"https:\/\/encuentroinformativo.com.mx\/index.php?rest_route=\/wp\/v2\/posts\/38669","targetHints":{"allow":["GET"]}}],"collection":[{"href":"https:\/\/encuentroinformativo.com.mx\/index.php?rest_route=\/wp\/v2\/posts"}],"about":[{"href":"https:\/\/encuentroinformativo.com.mx\/index.php?rest_route=\/wp\/v2\/types\/post"}],"author":[{"embeddable":true,"href":"https:\/\/encuentroinformativo.com.mx\/index.php?rest_route=\/wp\/v2\/users\/2476"}],"replies":[{"embeddable":true,"href":"https:\/\/encuentroinformativo.com.mx\/index.php?rest_route=%2Fwp%2Fv2%2Fcomments&post=38669"}],"version-history":[{"count":1,"href":"https:\/\/encuentroinformativo.com.mx\/index.php?rest_route=\/wp\/v2\/posts\/38669\/revisions"}],"predecessor-version":[{"id":38670,"href":"https:\/\/encuentroinformativo.com.mx\/index.php?rest_route=\/wp\/v2\/posts\/38669\/revisions\/38670"}],"wp:featuredmedia":[{"embeddable":true,"href":"https:\/\/encuentroinformativo.com.mx\/index.php?rest_route=\/wp\/v2\/media\/387"}],"wp:attachment":[{"href":"https:\/\/encuentroinformativo.com.mx\/index.php?rest_route=%2Fwp%2Fv2%2Fmedia&parent=38669"}],"wp:term":[{"taxonomy":"category","embeddable":true,"href":"https:\/\/encuentroinformativo.com.mx\/index.php?rest_route=%2Fwp%2Fv2%2Fcategories&post=38669"},{"taxonomy":"post_tag","embeddable":true,"href":"https:\/\/encuentroinformativo.com.mx\/index.php?rest_route=%2Fwp%2Fv2%2Ftags&post=38669"}],"curies":[{"name":"wp","href":"https:\/\/api.w.org\/{rel}","templated":true}]}}