{"id":38671,"date":"2023-03-31T11:16:12","date_gmt":"2023-03-31T17:16:12","guid":{"rendered":"https:\/\/encuentroinformativo.com.mx\/?p=38671"},"modified":"2023-03-31T11:16:16","modified_gmt":"2023-03-31T17:16:16","slug":"dante-delgado-debe-pactar-con-otros-partidos-pide-senador","status":"publish","type":"post","link":"https:\/\/encuentroinformativo.com.mx\/?p=38671","title":{"rendered":"Dante Delgado debe pactar con otros partidos, pide Senador"},"content":{"rendered":"\n<p><strong>Alejandro \u00c1vila<\/strong><\/p>\n\n\n\n<p>Boca del R\u00edo, Ver.- El Senador, Germ\u00e1n Mart\u00ednez C\u00e1zares, mencion\u00f3 que su hom\u00f3logo en la C\u00e1mara Alta y presidente nacional de Movimiento Ciudadano, Dante Delgado Rannauro, tiene en sus manos la opci\u00f3n de pactar con otros partidos pol\u00edticos o llevar a su grupo a la extinci\u00f3n.<\/p>\n\n\n\n<p>El Senador, ahora independiente, le record\u00f3 al veracruzano, que hace algunos a\u00f1os en la regi\u00f3n de Catalu\u00f1a en Espa\u00f1a, surgi\u00f3 un movimiento llamado Ciudadanos, igual de color naranja, el cual tambi\u00e9n consigui\u00f3 en su momento muchos diputados, pero cometi\u00f3 la osad\u00eda de no hacer alianzas.<\/p>\n\n\n\n<p>&#8220;Yo le quiero dejar un consejo aqu\u00ed en su tierra a Dante Delgado, que se vea en el espejo de Ciudadanos de Espa\u00f1a, as\u00ed se llama, Ciudadanos, y no pact\u00f3, \u00bfqu\u00e9 pas\u00f3?, que se fueron a la relevancia pol\u00edtica y surge Podemos, que es de ultra izquierda y son amigos de los trogloditas dictadores, dictadorzuelos de Venezuela, Nicaragua, se llama Podemos, son morados, y ellos pactaron con el PSOE que son de izquierda, y son los que actualmente gobiernan&#8221;.<\/p>\n\n\n\n<p>&#8220;Somos un pa\u00eds abierto al mundo, y desde ese mundo que Movimiento Ciudadano, que Dante Delgado, que lo conoce, vea las experiencias de pactar o no pactar. Tiene en sus manos como veracruzano parte de la historia de este pa\u00eds, o tiene en su manos llevar a la irrelevancia a su partido&#8221;, sentenci\u00f3.<\/p>\n\n\n\n<p>Invitado especial al desayuno mensual de la Coparmex Veracruz, el Senador, Germ\u00e1n Mart\u00ednez C\u00e1zares, hablo sobre las aspiraciones a la presidencia de la rep\u00fablica del empresario neoleon\u00e9s, Gustavo de Hoyos Walther, quien fuera ex presidente nacional de la Coparmex.<\/p>\n\n\n\n<p>&#8220;Me gusta el arrojo de Gustavo de Hoyos, me gusta mucho, pero debo decir dos cosas que no me gustan. No me gusta que denoste a los pol\u00edticos, porque en los pol\u00edticos hay gente buena y hay gente mala, en los pol\u00edticos hay de todo&nbsp; y \u00e9l si va a ser presidente de M\u00e9xico va a jurar una Constituci\u00f3n pol\u00edtica, y va a hablar con Biden dijo en su anuncio, pues Biden tiene como 50 a\u00f1os de pol\u00edtico; no me gusta que reivindique la pena de muerte, y que reivindique las c\u00e1rceles de El Salvador, mire lo que pas\u00f3 en la c\u00e1rcel de Ciudad Ju\u00e1rez, no me gusta&#8221;, culmin\u00f3.<\/p>\n","protected":false},"excerpt":{"rendered":"<p>Alejandro \u00c1vila Boca del R\u00edo, Ver.- El Senador, Germ\u00e1n Mart\u00ednez C\u00e1zares, mencion\u00f3 que su hom\u00f3logo en la C\u00e1mara Alta y presidente nacional de Movimiento Ciudadano, Dante Delgado Rannauro, tiene en sus manos la opci\u00f3n de pactar con otros partidos pol\u00edticos o llevar a su grupo a la extinci\u00f3n. El Senador, ahora independiente, le record\u00f3 al [&hellip;]<\/p>\n","protected":false},"author":2476,"featured_media":38672,"comment_status":"open","ping_status":"open","sticky":false,"template":"","format":"standard","meta":{"_jetpack_memberships_contains_paid_content":false,"footnotes":""},"categories":[2],"tags":[],"class_list":["post-38671","post","type-post","status-publish","format-standard","has-post-thumbnail","hentry","category-estado"],"jetpack_featured_media_url":"https:\/\/encuentroinformativo.com.mx\/wp-content\/uploads\/2023\/03\/IMG-20230331-WA00272.jpg","jetpack_sharing_enabled":true,"jetpack_likes_enabled":true,"amp_enabled":true,"_links":{"self":[{"href":"https:\/\/encuentroinformativo.com.mx\/index.php?rest_route=\/wp\/v2\/posts\/38671","targetHints":{"allow":["GET"]}}],"collection":[{"href":"https:\/\/encuentroinformativo.com.mx\/index.php?rest_route=\/wp\/v2\/posts"}],"about":[{"href":"https:\/\/encuentroinformativo.com.mx\/index.php?rest_route=\/wp\/v2\/types\/post"}],"author":[{"embeddable":true,"href":"https:\/\/encuentroinformativo.com.mx\/index.php?rest_route=\/wp\/v2\/users\/2476"}],"replies":[{"embeddable":true,"href":"https:\/\/encuentroinformativo.com.mx\/index.php?rest_route=%2Fwp%2Fv2%2Fcomments&post=38671"}],"version-history":[{"count":1,"href":"https:\/\/encuentroinformativo.com.mx\/index.php?rest_route=\/wp\/v2\/posts\/38671\/revisions"}],"predecessor-version":[{"id":38673,"href":"https:\/\/encuentroinformativo.com.mx\/index.php?rest_route=\/wp\/v2\/posts\/38671\/revisions\/38673"}],"wp:featuredmedia":[{"embeddable":true,"href":"https:\/\/encuentroinformativo.com.mx\/index.php?rest_route=\/wp\/v2\/media\/38672"}],"wp:attachment":[{"href":"https:\/\/encuentroinformativo.com.mx\/index.php?rest_route=%2Fwp%2Fv2%2Fmedia&parent=38671"}],"wp:term":[{"taxonomy":"category","embeddable":true,"href":"https:\/\/encuentroinformativo.com.mx\/index.php?rest_route=%2Fwp%2Fv2%2Fcategories&post=38671"},{"taxonomy":"post_tag","embeddable":true,"href":"https:\/\/encuentroinformativo.com.mx\/index.php?rest_route=%2Fwp%2Fv2%2Ftags&post=38671"}],"curies":[{"name":"wp","href":"https:\/\/api.w.org\/{rel}","templated":true}]}}