{"id":38678,"date":"2023-03-31T11:41:24","date_gmt":"2023-03-31T17:41:24","guid":{"rendered":"https:\/\/encuentroinformativo.com.mx\/?p=38678"},"modified":"2023-03-31T11:41:28","modified_gmt":"2023-03-31T17:41:28","slug":"la-grillita-de-la-cndh-bateada","status":"publish","type":"post","link":"https:\/\/encuentroinformativo.com.mx\/?p=38678","title":{"rendered":"LA GRILLITA DE LA CNDH\u2026 BATEADA"},"content":{"rendered":"\n<p><strong>ColumnaSinNombre\u2026 PeroRapidita<br>@pablojair<\/strong><\/p>\n\n\n\n<p>Era casi improbable que se llamara al gobernador Cuitl\u00e1huac Garc\u00eda Jim\u00e9nez a comparecer al Senado, m\u00e1ximo cuando se trataba de una \u201cgrillita\u201d que se trae la Comisi\u00f3n Nacional de Derechos Humanos contra el Gobierno de Veracruz.<\/p>\n\n\n\n<p>La verdad es que se ve\u00eda poco factible el escenario, pues si bien no son mayor\u00eda absoluta, Morena tiene varios senadores como para defender a los de su partido\u2026 como finalmente ocurri\u00f3: bast\u00f3 con que no se presentaran para que el qu\u00f3rum se rompiera y se desechara la propuesta de llamarlo a comparecer.<\/p>\n\n\n\n<p>\u00bfY cu\u00e1l era el motivo? Los rechazos que el Gobierno de Veracruz y la Fiscal\u00eda General del Estado hicieron a dos recomendaciones emitidas por la CNDH.<\/p>\n\n\n\n<p>Ac\u00e1 en Veracruz, m\u00e1s espec\u00edficamente en Xalapa, el propio gobernador ya hab\u00eda dicho que s\u00ed iba, sin problema, y hasta se pitorre\u00f3 del asunto ante reporteros (quiz\u00e1s sabiendo que nunca lo llamar\u00edan a comparecer): \u201cPreg\u00fantenme de una vez, no vaya a ser que luego del Senado no pueda\u201d.<\/p>\n\n\n\n<p>Ah\u00ed mismo insisti\u00f3 en que s\u00ed ir\u00eda ante los senadores, pero tambi\u00e9n expuso el porqu\u00e9 no se ha llamado a comparecer a otros gobernadores de estados con alt\u00edsimos \u00edndices de violencia como los de Guanajuato (PAN) o de Zacatecas (Morena, donde gobierno el hermano del presidente del Senado, Ricardo Monreal).<\/p>\n\n\n\n<p>En este sentido, Garc\u00eda Jim\u00e9nez dijo que tampoco se prestar\u00eda al juego de la oposici\u00f3n para ser blanco de ataques.<\/p>\n\n\n\n<p>En realidad eso quer\u00edan: atacar con todo al de Veracruz por lo que este estado representa electoralmente el pr\u00f3ximo a\u00f1o\u2026 pero se la pelaron\u2026<\/p>\n\n\n\n<p>Y es que finalmente la estrategia de la oposici\u00f3n y sus voceros (ya bien \u201cfildeada\u201d por la 4T) han sido el desgaste, los ataques, el tratar de desacreditar\u2026<\/p>\n\n\n\n<p>Fuera de eso, no traen nada para jugar en serio en 2024, salvo tirar excremento.<\/p>\n\n\n\n<p><strong>SOBRE LA CASETA DE FORT\u00cdN<\/strong><\/p>\n\n\n\n<p>Bien cabr\u00eda comentar algo respecto a la eliminaci\u00f3n de la caseta de Fort\u00edn.<\/p>\n\n\n\n<p>Y es que si bien va a desaparecer, lo que no se va a quitar es el costo del paso, mismo que se va a dispersar entre la caseta de Esperanza y Cuitl\u00e1huac, que evidentemente tendr\u00e1n un aumento.<\/p>\n\n\n\n<p>Debe subrayarse que la idea de remover la caseta de Fort\u00edn fue para evitar que se haga un cuello de botella que afectaba mucho al tr\u00e1fico en esa zona.<\/p>\n","protected":false},"excerpt":{"rendered":"<p>ColumnaSinNombre\u2026 PeroRapidita@pablojair Era casi improbable que se llamara al gobernador Cuitl\u00e1huac Garc\u00eda Jim\u00e9nez a comparecer al Senado, m\u00e1ximo cuando se trataba de una \u201cgrillita\u201d que se trae la Comisi\u00f3n Nacional de Derechos Humanos contra el Gobierno de Veracruz. La verdad es que se ve\u00eda poco factible el escenario, pues si bien no son mayor\u00eda absoluta, [&hellip;]<\/p>\n","protected":false},"author":2476,"featured_media":488,"comment_status":"open","ping_status":"open","sticky":false,"template":"","format":"standard","meta":{"_jetpack_memberships_contains_paid_content":false,"footnotes":""},"categories":[11],"tags":[],"class_list":["post-38678","post","type-post","status-publish","format-standard","has-post-thumbnail","hentry","category-opinion"],"jetpack_featured_media_url":"https:\/\/encuentroinformativo.com.mx\/wp-content\/uploads\/2020\/03\/F471F608-BA1A-416B-BA7B-BCFB24F4E6D0.jpeg","jetpack_sharing_enabled":true,"jetpack_likes_enabled":true,"amp_enabled":true,"_links":{"self":[{"href":"https:\/\/encuentroinformativo.com.mx\/index.php?rest_route=\/wp\/v2\/posts\/38678","targetHints":{"allow":["GET"]}}],"collection":[{"href":"https:\/\/encuentroinformativo.com.mx\/index.php?rest_route=\/wp\/v2\/posts"}],"about":[{"href":"https:\/\/encuentroinformativo.com.mx\/index.php?rest_route=\/wp\/v2\/types\/post"}],"author":[{"embeddable":true,"href":"https:\/\/encuentroinformativo.com.mx\/index.php?rest_route=\/wp\/v2\/users\/2476"}],"replies":[{"embeddable":true,"href":"https:\/\/encuentroinformativo.com.mx\/index.php?rest_route=%2Fwp%2Fv2%2Fcomments&post=38678"}],"version-history":[{"count":1,"href":"https:\/\/encuentroinformativo.com.mx\/index.php?rest_route=\/wp\/v2\/posts\/38678\/revisions"}],"predecessor-version":[{"id":38679,"href":"https:\/\/encuentroinformativo.com.mx\/index.php?rest_route=\/wp\/v2\/posts\/38678\/revisions\/38679"}],"wp:featuredmedia":[{"embeddable":true,"href":"https:\/\/encuentroinformativo.com.mx\/index.php?rest_route=\/wp\/v2\/media\/488"}],"wp:attachment":[{"href":"https:\/\/encuentroinformativo.com.mx\/index.php?rest_route=%2Fwp%2Fv2%2Fmedia&parent=38678"}],"wp:term":[{"taxonomy":"category","embeddable":true,"href":"https:\/\/encuentroinformativo.com.mx\/index.php?rest_route=%2Fwp%2Fv2%2Fcategories&post=38678"},{"taxonomy":"post_tag","embeddable":true,"href":"https:\/\/encuentroinformativo.com.mx\/index.php?rest_route=%2Fwp%2Fv2%2Ftags&post=38678"}],"curies":[{"name":"wp","href":"https:\/\/api.w.org\/{rel}","templated":true}]}}