{"id":38680,"date":"2023-03-31T12:02:55","date_gmt":"2023-03-31T18:02:55","guid":{"rendered":"https:\/\/encuentroinformativo.com.mx\/?p=38680"},"modified":"2023-03-31T12:02:58","modified_gmt":"2023-03-31T18:02:58","slug":"convocan-a-donar-juguetes-en-xallitic","status":"publish","type":"post","link":"https:\/\/encuentroinformativo.com.mx\/?p=38680","title":{"rendered":"Convocan a donar juguetes en Xallitic"},"content":{"rendered":"\n<p><strong>Dar\u00edo Pale <\/strong><\/p>\n\n\n\n<p>Xalapa, Ver.- Invitan a la ciudadan\u00eda para que done juguetes los cuales entregar\u00e1n en la explanada del Xallitic el pr\u00f3ximo 30 de abril para festejar el D\u00eda del ni\u00f1o, as\u00ed lo dio a conocer, Salvador Texon Guti\u00e9rrez, presidente de la agrupaci\u00f3n Activismo Juvenil Veracruzano.<\/p>\n\n\n\n<p>En conferencia de prensa exhort\u00f3 a la poblaci\u00f3n a donar juguetes, nuevos o usados, preferentemente sin pilas, en el caso de que no puedan, tambi\u00e9n existe la posibilidad de donar ropa.\u00a0<\/p>\n\n\n\n<p>En el evento participan el caf\u00e9 4 Regiones, el Patronato del Xallitic, as\u00ed como la agrupaci\u00f3n Jacobinos.<\/p>\n\n\n\n<p>La asociaci\u00f3n tiene dos meses de creaci\u00f3n y se busca generar conciencia entre los j\u00f3venes, est\u00e1 integrada por estudiantes y j\u00f3venes del Estado de Veracruz.\u00a0<\/p>\n\n\n\n<p>En redes sociales Instagram aparecen como Activismo_Juvenil_Veracruzano, en Facebook como Activismo Juvenil Veracruzano y por WhatsApp en el n\u00famero \u202a22 81 07 23 78\u202c.<br>Tambi\u00e9n habr\u00e1 un mercado de comida durante la realizaci\u00f3n de la entrega de juguetes.\u00a0<\/p>\n\n\n\n<p>Finalmente dio a conocer que entre otras acciones realizar\u00e1n la entrega de medicamentos el 16 de abril, donaci\u00f3n de comida para animales y tapitas para el Centro de Cancerolog\u00eda.<\/p>\n","protected":false},"excerpt":{"rendered":"<p>Dar\u00edo Pale Xalapa, Ver.- Invitan a la ciudadan\u00eda para que done juguetes los cuales entregar\u00e1n en la explanada del Xallitic el pr\u00f3ximo 30 de abril para festejar el D\u00eda del ni\u00f1o, as\u00ed lo dio a conocer, Salvador Texon Guti\u00e9rrez, presidente de la agrupaci\u00f3n Activismo Juvenil Veracruzano. En conferencia de prensa exhort\u00f3 a la poblaci\u00f3n a [&hellip;]<\/p>\n","protected":false},"author":2476,"featured_media":38681,"comment_status":"open","ping_status":"open","sticky":false,"template":"","format":"standard","meta":{"_jetpack_memberships_contains_paid_content":false,"footnotes":""},"categories":[3],"tags":[],"class_list":["post-38680","post","type-post","status-publish","format-standard","has-post-thumbnail","hentry","category-xalapa"],"jetpack_featured_media_url":"https:\/\/encuentroinformativo.com.mx\/wp-content\/uploads\/2023\/03\/IMG-20230331-WA0032.jpg","jetpack_sharing_enabled":true,"jetpack_likes_enabled":true,"amp_enabled":true,"_links":{"self":[{"href":"https:\/\/encuentroinformativo.com.mx\/index.php?rest_route=\/wp\/v2\/posts\/38680","targetHints":{"allow":["GET"]}}],"collection":[{"href":"https:\/\/encuentroinformativo.com.mx\/index.php?rest_route=\/wp\/v2\/posts"}],"about":[{"href":"https:\/\/encuentroinformativo.com.mx\/index.php?rest_route=\/wp\/v2\/types\/post"}],"author":[{"embeddable":true,"href":"https:\/\/encuentroinformativo.com.mx\/index.php?rest_route=\/wp\/v2\/users\/2476"}],"replies":[{"embeddable":true,"href":"https:\/\/encuentroinformativo.com.mx\/index.php?rest_route=%2Fwp%2Fv2%2Fcomments&post=38680"}],"version-history":[{"count":1,"href":"https:\/\/encuentroinformativo.com.mx\/index.php?rest_route=\/wp\/v2\/posts\/38680\/revisions"}],"predecessor-version":[{"id":38682,"href":"https:\/\/encuentroinformativo.com.mx\/index.php?rest_route=\/wp\/v2\/posts\/38680\/revisions\/38682"}],"wp:featuredmedia":[{"embeddable":true,"href":"https:\/\/encuentroinformativo.com.mx\/index.php?rest_route=\/wp\/v2\/media\/38681"}],"wp:attachment":[{"href":"https:\/\/encuentroinformativo.com.mx\/index.php?rest_route=%2Fwp%2Fv2%2Fmedia&parent=38680"}],"wp:term":[{"taxonomy":"category","embeddable":true,"href":"https:\/\/encuentroinformativo.com.mx\/index.php?rest_route=%2Fwp%2Fv2%2Fcategories&post=38680"},{"taxonomy":"post_tag","embeddable":true,"href":"https:\/\/encuentroinformativo.com.mx\/index.php?rest_route=%2Fwp%2Fv2%2Ftags&post=38680"}],"curies":[{"name":"wp","href":"https:\/\/api.w.org\/{rel}","templated":true}]}}