{"id":38683,"date":"2023-03-31T12:28:54","date_gmt":"2023-03-31T18:28:54","guid":{"rendered":"https:\/\/encuentroinformativo.com.mx\/?p=38683"},"modified":"2023-03-31T12:28:58","modified_gmt":"2023-03-31T18:28:58","slug":"dejan-tres-cuerpos-al-interior-de-un-automovil-en-tuxpan","status":"publish","type":"post","link":"https:\/\/encuentroinformativo.com.mx\/?p=38683","title":{"rendered":"Dejan tres cuerpos al interior de un autom\u00f3vil en Tuxpan"},"content":{"rendered":"\n<p><strong>Alejandro \u00c1vila<\/strong><\/p>\n\n\n\n<p>Tuxpan, Ver.- La ma\u00f1ana de este viernes aparecieron tres cuerpos sin vida al interior de un autom\u00f3vil en el municipio de Tuxpan, tambi\u00e9n se pudieron observar cartulinas con mensajes amenazantes.<\/p>\n\n\n\n<p>El veh\u00edculo fue abandonado en la calle Miguel Hidalgo casi esquina Jaime Nun\u00f3 de la colonia Enrique Rodr\u00edguez Cano; justo detr\u00e1s de los Juzgados Federales.<\/p>\n\n\n\n<p>El autom\u00f3vil marca Dodge tipo Avenger, color blanco, con placas de circulaci\u00f3n XFU181A del estado de Tamaulipas, fue asegurado por la Polic\u00eda Ministerial; hasta el momento los cuerpos contin\u00faan sin ser identificados.<\/p>\n\n\n\n<p>En el mismo lugar se dejaron cartulinas con mensajes amenazantes, &#8220;Una vez m\u00e1s, directa la flecha &#8220;Judas Traicionero &#8220;No quieras tapar el pozo despu\u00e9s de que se caiga el ni\u00f1o.&#8221;&nbsp;<\/p>\n\n\n\n<p>Elementos de la Polic\u00eda Ministerial actuaron como primeros respondientes y acordonaron la zona para dar inicio a las actuaciones periciales. Cabe mencionar que los cuerpos ser\u00e1n depositados en el SEMEFO para la necropsia.<\/p>\n","protected":false},"excerpt":{"rendered":"<p>Alejandro \u00c1vila Tuxpan, Ver.- La ma\u00f1ana de este viernes aparecieron tres cuerpos sin vida al interior de un autom\u00f3vil en el municipio de Tuxpan, tambi\u00e9n se pudieron observar cartulinas con mensajes amenazantes. El veh\u00edculo fue abandonado en la calle Miguel Hidalgo casi esquina Jaime Nun\u00f3 de la colonia Enrique Rodr\u00edguez Cano; justo detr\u00e1s de los [&hellip;]<\/p>\n","protected":false},"author":2476,"featured_media":38684,"comment_status":"open","ping_status":"open","sticky":false,"template":"","format":"standard","meta":{"_jetpack_memberships_contains_paid_content":false,"footnotes":""},"categories":[14],"tags":[],"class_list":["post-38683","post","type-post","status-publish","format-standard","has-post-thumbnail","hentry","category-policiaca"],"jetpack_featured_media_url":"https:\/\/encuentroinformativo.com.mx\/wp-content\/uploads\/2023\/03\/IMG-20230331-WA0056.jpg","jetpack_sharing_enabled":true,"jetpack_likes_enabled":true,"amp_enabled":true,"_links":{"self":[{"href":"https:\/\/encuentroinformativo.com.mx\/index.php?rest_route=\/wp\/v2\/posts\/38683","targetHints":{"allow":["GET"]}}],"collection":[{"href":"https:\/\/encuentroinformativo.com.mx\/index.php?rest_route=\/wp\/v2\/posts"}],"about":[{"href":"https:\/\/encuentroinformativo.com.mx\/index.php?rest_route=\/wp\/v2\/types\/post"}],"author":[{"embeddable":true,"href":"https:\/\/encuentroinformativo.com.mx\/index.php?rest_route=\/wp\/v2\/users\/2476"}],"replies":[{"embeddable":true,"href":"https:\/\/encuentroinformativo.com.mx\/index.php?rest_route=%2Fwp%2Fv2%2Fcomments&post=38683"}],"version-history":[{"count":1,"href":"https:\/\/encuentroinformativo.com.mx\/index.php?rest_route=\/wp\/v2\/posts\/38683\/revisions"}],"predecessor-version":[{"id":38685,"href":"https:\/\/encuentroinformativo.com.mx\/index.php?rest_route=\/wp\/v2\/posts\/38683\/revisions\/38685"}],"wp:featuredmedia":[{"embeddable":true,"href":"https:\/\/encuentroinformativo.com.mx\/index.php?rest_route=\/wp\/v2\/media\/38684"}],"wp:attachment":[{"href":"https:\/\/encuentroinformativo.com.mx\/index.php?rest_route=%2Fwp%2Fv2%2Fmedia&parent=38683"}],"wp:term":[{"taxonomy":"category","embeddable":true,"href":"https:\/\/encuentroinformativo.com.mx\/index.php?rest_route=%2Fwp%2Fv2%2Fcategories&post=38683"},{"taxonomy":"post_tag","embeddable":true,"href":"https:\/\/encuentroinformativo.com.mx\/index.php?rest_route=%2Fwp%2Fv2%2Ftags&post=38683"}],"curies":[{"name":"wp","href":"https:\/\/api.w.org\/{rel}","templated":true}]}}