{"id":38690,"date":"2023-03-31T13:03:51","date_gmt":"2023-03-31T19:03:51","guid":{"rendered":"https:\/\/encuentroinformativo.com.mx\/?p=38690"},"modified":"2023-03-31T13:03:53","modified_gmt":"2023-03-31T19:03:53","slug":"alertan-por-presunto-ladron-en-zona-de-san-jose","status":"publish","type":"post","link":"https:\/\/encuentroinformativo.com.mx\/?p=38690","title":{"rendered":"Alertan por presunto ladr\u00f3n en zona de San Jos\u00e9"},"content":{"rendered":"\n<p><strong>Juan Arcos <\/strong><\/p>\n\n\n\n<p>Xalapa, Ver.- A una cuadra del Cuartel \u201cHeriberto Jara Corona\u201d, menor conocido como \u201cSan Jos\u00e9\u201d, vecinos se alertan por la inseguridad y colocan fotograf\u00edas de un ladr\u00f3n que lograron identificar con c\u00e1maras de videovigilancia.<\/p>\n\n\n\n<p>Esto ocurre sobre las calles Aldama y 5 de Febrero, en la zona centro de esta ciudad de Xalapa, en las inmediaciones del mercado \u201cAlcalde y Garc\u00eda\u201d. La fotograf\u00edas del ladr\u00f3n se observan sobre la fachada de negocios y hasta en los postes de energ\u00eda el\u00e9ctrica.<\/p>\n\n\n\n<p>El pasado 22 de marzo, un sujeto ingres\u00f3 al estacionamiento de una escuela y se llev\u00f3 una escalera de aluminio que utilizaban trabajares para dar mantenimiento a las instalaciones.<\/p>\n\n\n\n<p>Los vecinos dieron a conocer de manera an\u00f3nima que a ra\u00edz de ese hecho se organizaron, colocaron fotograf\u00edas impresas del delincuente y crearon un grupo de WhatsApp para alertarse en caso de la presencia de personas sospechosas.<\/p>\n\n\n\n<p>&#8220;Se pegaron los papeles con la fotograf\u00eda de la persona que entr\u00f3 a robar en la escuela que est\u00e1 aqu\u00ed enfrente, eso fue a pleno d\u00eda, eran las 11 o 12 del d\u00eda, se atrevi\u00f3 a robar, estando a menos de dos calles del Cuartel\u201d, expresaron.<\/p>\n\n\n\n<p>Indicaron que en la zona es casi nula la vigilancia por parte de la Polic\u00eda Municipal y de la Secretar\u00eda de Seguridad P\u00fablica (SSP), pese a la cercan\u00eda del Cuartel \u201cSan Jos\u00e9\u201d.<\/p>\n\n\n\n<p>La gente teme que los robos incrementen en la zona y, por ello, decidieron emprender acciones conjuntas y coordinadas para su autoprotecci\u00f3n.<\/p>\n\n\n\n<p>&#8220;Anteriormente a otro comerciante le robaron sus candados, intentaron ingresar, no les robaron, yo creo que no tuvieron tiempo los ladrones, pero s\u00ed lo intentaron\u201d, comentaron.<\/p>\n","protected":false},"excerpt":{"rendered":"<p>Juan Arcos Xalapa, Ver.- A una cuadra del Cuartel \u201cHeriberto Jara Corona\u201d, menor conocido como \u201cSan Jos\u00e9\u201d, vecinos se alertan por la inseguridad y colocan fotograf\u00edas de un ladr\u00f3n que lograron identificar con c\u00e1maras de videovigilancia. Esto ocurre sobre las calles Aldama y 5 de Febrero, en la zona centro de esta ciudad de Xalapa, [&hellip;]<\/p>\n","protected":false},"author":2476,"featured_media":38691,"comment_status":"open","ping_status":"open","sticky":false,"template":"","format":"standard","meta":{"_jetpack_memberships_contains_paid_content":false,"footnotes":""},"categories":[3],"tags":[],"class_list":["post-38690","post","type-post","status-publish","format-standard","has-post-thumbnail","hentry","category-xalapa"],"jetpack_featured_media_url":"https:\/\/encuentroinformativo.com.mx\/wp-content\/uploads\/2023\/03\/IMG_8864.jpg","jetpack_sharing_enabled":true,"jetpack_likes_enabled":true,"amp_enabled":true,"_links":{"self":[{"href":"https:\/\/encuentroinformativo.com.mx\/index.php?rest_route=\/wp\/v2\/posts\/38690","targetHints":{"allow":["GET"]}}],"collection":[{"href":"https:\/\/encuentroinformativo.com.mx\/index.php?rest_route=\/wp\/v2\/posts"}],"about":[{"href":"https:\/\/encuentroinformativo.com.mx\/index.php?rest_route=\/wp\/v2\/types\/post"}],"author":[{"embeddable":true,"href":"https:\/\/encuentroinformativo.com.mx\/index.php?rest_route=\/wp\/v2\/users\/2476"}],"replies":[{"embeddable":true,"href":"https:\/\/encuentroinformativo.com.mx\/index.php?rest_route=%2Fwp%2Fv2%2Fcomments&post=38690"}],"version-history":[{"count":1,"href":"https:\/\/encuentroinformativo.com.mx\/index.php?rest_route=\/wp\/v2\/posts\/38690\/revisions"}],"predecessor-version":[{"id":38692,"href":"https:\/\/encuentroinformativo.com.mx\/index.php?rest_route=\/wp\/v2\/posts\/38690\/revisions\/38692"}],"wp:featuredmedia":[{"embeddable":true,"href":"https:\/\/encuentroinformativo.com.mx\/index.php?rest_route=\/wp\/v2\/media\/38691"}],"wp:attachment":[{"href":"https:\/\/encuentroinformativo.com.mx\/index.php?rest_route=%2Fwp%2Fv2%2Fmedia&parent=38690"}],"wp:term":[{"taxonomy":"category","embeddable":true,"href":"https:\/\/encuentroinformativo.com.mx\/index.php?rest_route=%2Fwp%2Fv2%2Fcategories&post=38690"},{"taxonomy":"post_tag","embeddable":true,"href":"https:\/\/encuentroinformativo.com.mx\/index.php?rest_route=%2Fwp%2Fv2%2Ftags&post=38690"}],"curies":[{"name":"wp","href":"https:\/\/api.w.org\/{rel}","templated":true}]}}