{"id":38693,"date":"2023-03-31T14:03:39","date_gmt":"2023-03-31T20:03:39","guid":{"rendered":"https:\/\/encuentroinformativo.com.mx\/?p=38693"},"modified":"2023-03-31T14:03:42","modified_gmt":"2023-03-31T20:03:42","slug":"exhorta-coparmex-veracruz-a-cerrar-filas-para-beneficiar-al-sector-empresarial-de-mexico","status":"publish","type":"post","link":"https:\/\/encuentroinformativo.com.mx\/?p=38693","title":{"rendered":"Exhorta Coparmex Veracruz a cerrar filas para beneficiar al sector empresarial de M\u00e9xico"},"content":{"rendered":"\n<p><strong>Alejandro \u00c1vila<\/strong><\/p>\n\n\n\n<p>Veracruz, Ver.- El presidente de Coparmex Veracruz, Manuel Lia\u00f1o Carrera, mencion\u00f3 que al t\u00e9rmino del primer semestre del 2023, el sector empresarial vislumbra la econom\u00eda con indicadores alentadores y positivos para M\u00e9xico; y se\u00f1al\u00f3 que el reto es continuar con el camino para seguir reactivando la econom\u00eda.<\/p>\n\n\n\n<p>El empresario reconoci\u00f3 que la inflaci\u00f3n ha cedido, aunque a\u00fan contin\u00faa niveles importantes; adem\u00e1s, dijo que la violencia y la inseguridad contin\u00faa afectando la intenci\u00f3n de los inversionistas para acercarse a M\u00e9xico.<\/p>\n\n\n\n<p>&#8220;Esto es un clima que no abona a las empresas, a la inversi\u00f3n. Pero por otro lado tambi\u00e9n hay que reconocer que hay aspectos macroecon\u00f3micos s\u00f3lidos, que hay un tipo de cambio interesante, que tenemos oportunidades coyunturales de atraer empresas por los problemas entre China y Estados Unidos, por la guerra que hay de Rusia con Ucrania, estas son oportunidades que eventualmente si cerramos filas, si lo asumimos entre todos podemos capitalizarlas&#8221;, destac\u00f3.<\/p>\n\n\n\n<p>Manuel Lia\u00f1o descart\u00f3 que exista un terrorismo fiscal y asegur\u00f3 que, todos los empresarios deben cumplir con sus compromisos en cuanto a los impuestos.<\/p>\n","protected":false},"excerpt":{"rendered":"<p>Alejandro \u00c1vila Veracruz, Ver.- El presidente de Coparmex Veracruz, Manuel Lia\u00f1o Carrera, mencion\u00f3 que al t\u00e9rmino del primer semestre del 2023, el sector empresarial vislumbra la econom\u00eda con indicadores alentadores y positivos para M\u00e9xico; y se\u00f1al\u00f3 que el reto es continuar con el camino para seguir reactivando la econom\u00eda. El empresario reconoci\u00f3 que la inflaci\u00f3n [&hellip;]<\/p>\n","protected":false},"author":2476,"featured_media":38694,"comment_status":"open","ping_status":"open","sticky":false,"template":"","format":"standard","meta":{"_jetpack_memberships_contains_paid_content":false,"footnotes":""},"categories":[2],"tags":[],"class_list":["post-38693","post","type-post","status-publish","format-standard","has-post-thumbnail","hentry","category-estado"],"jetpack_featured_media_url":"https:\/\/encuentroinformativo.com.mx\/wp-content\/uploads\/2023\/03\/IMG-20230331-WA0070.jpg","jetpack_sharing_enabled":true,"jetpack_likes_enabled":true,"amp_enabled":true,"_links":{"self":[{"href":"https:\/\/encuentroinformativo.com.mx\/index.php?rest_route=\/wp\/v2\/posts\/38693","targetHints":{"allow":["GET"]}}],"collection":[{"href":"https:\/\/encuentroinformativo.com.mx\/index.php?rest_route=\/wp\/v2\/posts"}],"about":[{"href":"https:\/\/encuentroinformativo.com.mx\/index.php?rest_route=\/wp\/v2\/types\/post"}],"author":[{"embeddable":true,"href":"https:\/\/encuentroinformativo.com.mx\/index.php?rest_route=\/wp\/v2\/users\/2476"}],"replies":[{"embeddable":true,"href":"https:\/\/encuentroinformativo.com.mx\/index.php?rest_route=%2Fwp%2Fv2%2Fcomments&post=38693"}],"version-history":[{"count":1,"href":"https:\/\/encuentroinformativo.com.mx\/index.php?rest_route=\/wp\/v2\/posts\/38693\/revisions"}],"predecessor-version":[{"id":38695,"href":"https:\/\/encuentroinformativo.com.mx\/index.php?rest_route=\/wp\/v2\/posts\/38693\/revisions\/38695"}],"wp:featuredmedia":[{"embeddable":true,"href":"https:\/\/encuentroinformativo.com.mx\/index.php?rest_route=\/wp\/v2\/media\/38694"}],"wp:attachment":[{"href":"https:\/\/encuentroinformativo.com.mx\/index.php?rest_route=%2Fwp%2Fv2%2Fmedia&parent=38693"}],"wp:term":[{"taxonomy":"category","embeddable":true,"href":"https:\/\/encuentroinformativo.com.mx\/index.php?rest_route=%2Fwp%2Fv2%2Fcategories&post=38693"},{"taxonomy":"post_tag","embeddable":true,"href":"https:\/\/encuentroinformativo.com.mx\/index.php?rest_route=%2Fwp%2Fv2%2Ftags&post=38693"}],"curies":[{"name":"wp","href":"https:\/\/api.w.org\/{rel}","templated":true}]}}