{"id":38697,"date":"2023-03-31T14:08:54","date_gmt":"2023-03-31T20:08:54","guid":{"rendered":"https:\/\/encuentroinformativo.com.mx\/?p=38697"},"modified":"2023-03-31T14:08:58","modified_gmt":"2023-03-31T20:08:58","slug":"se-investiga-masacre-en-tecolutla-afirma-fiscalia","status":"publish","type":"post","link":"https:\/\/encuentroinformativo.com.mx\/?p=38697","title":{"rendered":"Se investiga masacre en Tecolutla, afirma Fiscal\u00eda"},"content":{"rendered":"\n<p><strong>Dar\u00edo Pale <\/strong><\/p>\n\n\n\n<p>Xalapa, Ver.- La Fiscal General Estado Ver\u00f3nica Hern\u00e1ndez Giadans dio a conocer que la todas las desapariciones deben de ser atendidas con prontitud y profesionalismo, adem\u00e1s ya hay una carpeta de investigaci\u00f3n por los Homicidios que se registraron Tecolutla.<\/p>\n\n\n\n<p>En entrevista previo al inicio de la primera sesi\u00f3n ordinaria de la Conferencia Nacional de Procuraci\u00f3n de Justicia dijo que la importancia es la coordinaci\u00f3n de colaboraci\u00f3n que debe existir entre las diferentes instancias principalmente en las de procuraci\u00f3n de justicia, m\u00e1s con los estados lim\u00edtrofes.<\/p>\n\n\n\n<p>&#8220;Estamos obligados a reunirnos constantemente todos formamos parte de la Conferencia Nacional de justicia que dirige el Fiscal General de la Rep\u00fablica el doctor Jorge Gertz Manero, y ahora nos toca ser anfitriones en Veracruz en esta primera sesi\u00f3n ordinaria de la zona sureste&#8221;, se\u00f1al\u00f3.<\/p>\n\n\n\n<p>Los temas que tratar\u00e1n son la extorsi\u00f3n, que es uno de los asuntos prioritarios dentro de muchas agendas de procuraci\u00f3n de justicia, al igual que extinci\u00f3n del dominio entro otros temas relevantes.<\/p>\n\n\n\n<p>En otro orden de ideas en lo que se refiere a los asesinatos de Tecolutla se\u00f1al\u00f3 que ya hay una carpeta de investigaci\u00f3n, ya est\u00e1n realizando las investigaciones correspondientes para que no quede impune el hecho.<\/p>\n\n\n\n<p>En cuanto a la desaparici\u00f3n de menores en la capital del estado dijo que, por cada uno de los casos inician una carpeta de investigaci\u00f3n y aplican los protocolos correspondientes con todas las instancias que est\u00e1n involucradas, adem\u00e1s que hay un grupo especial para atender las desapariciones, quienes est\u00e1n coordinados a nivel nacional.<\/p>\n\n\n\n<p>Finalmente se\u00f1al\u00f3 que, &#8220;cualquier desaparici\u00f3n creo que se debe atender con la prontitud y el profesionalismo que implica, se est\u00e1n atendiendo, ya que as\u00ed como hay carpetas iniciadas tambi\u00e9n hay localizaciones que ocurren de manera inmediata en 24 o 48 horas&#8221;.<\/p>\n","protected":false},"excerpt":{"rendered":"<p>Dar\u00edo Pale Xalapa, Ver.- La Fiscal General Estado Ver\u00f3nica Hern\u00e1ndez Giadans dio a conocer que la todas las desapariciones deben de ser atendidas con prontitud y profesionalismo, adem\u00e1s ya hay una carpeta de investigaci\u00f3n por los Homicidios que se registraron Tecolutla. En entrevista previo al inicio de la primera sesi\u00f3n ordinaria de la Conferencia Nacional [&hellip;]<\/p>\n","protected":false},"author":2476,"featured_media":38698,"comment_status":"open","ping_status":"open","sticky":false,"template":"","format":"standard","meta":{"_jetpack_memberships_contains_paid_content":false,"footnotes":""},"categories":[2],"tags":[],"class_list":["post-38697","post","type-post","status-publish","format-standard","has-post-thumbnail","hentry","category-estado"],"jetpack_featured_media_url":"https:\/\/encuentroinformativo.com.mx\/wp-content\/uploads\/2023\/03\/IMG-20230331-WA00652.jpg","jetpack_sharing_enabled":true,"jetpack_likes_enabled":true,"amp_enabled":true,"_links":{"self":[{"href":"https:\/\/encuentroinformativo.com.mx\/index.php?rest_route=\/wp\/v2\/posts\/38697","targetHints":{"allow":["GET"]}}],"collection":[{"href":"https:\/\/encuentroinformativo.com.mx\/index.php?rest_route=\/wp\/v2\/posts"}],"about":[{"href":"https:\/\/encuentroinformativo.com.mx\/index.php?rest_route=\/wp\/v2\/types\/post"}],"author":[{"embeddable":true,"href":"https:\/\/encuentroinformativo.com.mx\/index.php?rest_route=\/wp\/v2\/users\/2476"}],"replies":[{"embeddable":true,"href":"https:\/\/encuentroinformativo.com.mx\/index.php?rest_route=%2Fwp%2Fv2%2Fcomments&post=38697"}],"version-history":[{"count":1,"href":"https:\/\/encuentroinformativo.com.mx\/index.php?rest_route=\/wp\/v2\/posts\/38697\/revisions"}],"predecessor-version":[{"id":38699,"href":"https:\/\/encuentroinformativo.com.mx\/index.php?rest_route=\/wp\/v2\/posts\/38697\/revisions\/38699"}],"wp:featuredmedia":[{"embeddable":true,"href":"https:\/\/encuentroinformativo.com.mx\/index.php?rest_route=\/wp\/v2\/media\/38698"}],"wp:attachment":[{"href":"https:\/\/encuentroinformativo.com.mx\/index.php?rest_route=%2Fwp%2Fv2%2Fmedia&parent=38697"}],"wp:term":[{"taxonomy":"category","embeddable":true,"href":"https:\/\/encuentroinformativo.com.mx\/index.php?rest_route=%2Fwp%2Fv2%2Fcategories&post=38697"},{"taxonomy":"post_tag","embeddable":true,"href":"https:\/\/encuentroinformativo.com.mx\/index.php?rest_route=%2Fwp%2Fv2%2Ftags&post=38697"}],"curies":[{"name":"wp","href":"https:\/\/api.w.org\/{rel}","templated":true}]}}