{"id":38700,"date":"2023-03-31T14:17:21","date_gmt":"2023-03-31T20:17:21","guid":{"rendered":"https:\/\/encuentroinformativo.com.mx\/?p=38700"},"modified":"2023-03-31T14:17:24","modified_gmt":"2023-03-31T20:17:24","slug":"conflicto-de-pandillas-violencia-de-tecolutla-cisneros","status":"publish","type":"post","link":"https:\/\/encuentroinformativo.com.mx\/?p=38700","title":{"rendered":"Conflicto de pandillas, violencia de Tecolutla: Cisneros"},"content":{"rendered":"\n<p><strong>Dar\u00edo Pale <\/strong><\/p>\n\n\n\n<p>Xalapa, Ver.- El secretario de a gobierno Eric Cisneros Burgos dio a conocer que los hecho que se registraron en la comunidad de Hueytepec del municipio de Tecolutla se derivaron de un conflicto entre pandillas o grupos delictivos.<\/p>\n\n\n\n<p>En entrevista se\u00f1al\u00f3 que a invitaci\u00f3n de los diputados locales va a participar en una reunido de revisar\u00e1n el protocolo y la convocatoria para el desarrollo de los pueblos originarios, la promulgaci\u00f3n de dicha convocatoria es para realizar la consulta de los pueblos ind\u00edgenas, afroamericano.<\/p>\n\n\n\n<p>Posteriormente se realizar\u00e1 el debate con los diputados para que se consulte a los diferentes grupos \u00e9tnicos del estado de Veracruz para que a finales del mes de mayo est\u00e9n en posibilidades de que despu\u00e9s del debate se pueda tener una ley en beneficio de la minor\u00eda racial.<\/p>\n\n\n\n<p>Las consultas se realizar\u00e1n en todas las regiones desde Tamiahua, hasta la zona de Cinameca o Soteapan, pasando por la cuenca ser\u00e1n supervisados y de alguna manera acompa\u00f1ada del IMPI, as\u00ed como por la CEDH y la CNDH.<\/p>\n\n\n\n<p>En otro orden de ideas en cuanto a los hecho que se registraron en Hueytepec, dio a conocer que el ataque armado que se registr\u00f3 la noche de este jueves 30 de marzo en la comunidad perteneciente al municipio de Tecolutla, fue derivado a un conflicto entre pandillas o grupos delictivos.<\/p>\n\n\n\n<p>Destac\u00f3, que ya cuentan con una persona identificada que presuntamente particip\u00f3 en los hechos y se est\u00e1 investigando por parte de la Fiscal\u00eda General del Estado (FGE).<\/p>\n\n\n\n<p>El funcionario estatal, dijo que este tipo de situaciones tienen que ver con la descomposici\u00f3n que se da al interior de las familias.<\/p>\n\n\n\n<p>Finalmente se\u00f1al\u00f3 que, &#8220;algunos lamentablemente se dedican a cosas no l\u00edcitas y generan conflictos entre grupos y pandillas en algunas de las regiones, y precisamente por eso, estamos integrando a las familias a trav\u00e9s de la cultura &#8220;.<\/p>\n","protected":false},"excerpt":{"rendered":"<p>Dar\u00edo Pale Xalapa, Ver.- El secretario de a gobierno Eric Cisneros Burgos dio a conocer que los hecho que se registraron en la comunidad de Hueytepec del municipio de Tecolutla se derivaron de un conflicto entre pandillas o grupos delictivos. En entrevista se\u00f1al\u00f3 que a invitaci\u00f3n de los diputados locales va a participar en una [&hellip;]<\/p>\n","protected":false},"author":2476,"featured_media":38701,"comment_status":"open","ping_status":"open","sticky":false,"template":"","format":"standard","meta":{"_jetpack_memberships_contains_paid_content":false,"footnotes":""},"categories":[2],"tags":[],"class_list":["post-38700","post","type-post","status-publish","format-standard","has-post-thumbnail","hentry","category-estado"],"jetpack_featured_media_url":"https:\/\/encuentroinformativo.com.mx\/wp-content\/uploads\/2023\/03\/IMG-20230331-WA0069.jpg","jetpack_sharing_enabled":true,"jetpack_likes_enabled":true,"amp_enabled":true,"_links":{"self":[{"href":"https:\/\/encuentroinformativo.com.mx\/index.php?rest_route=\/wp\/v2\/posts\/38700","targetHints":{"allow":["GET"]}}],"collection":[{"href":"https:\/\/encuentroinformativo.com.mx\/index.php?rest_route=\/wp\/v2\/posts"}],"about":[{"href":"https:\/\/encuentroinformativo.com.mx\/index.php?rest_route=\/wp\/v2\/types\/post"}],"author":[{"embeddable":true,"href":"https:\/\/encuentroinformativo.com.mx\/index.php?rest_route=\/wp\/v2\/users\/2476"}],"replies":[{"embeddable":true,"href":"https:\/\/encuentroinformativo.com.mx\/index.php?rest_route=%2Fwp%2Fv2%2Fcomments&post=38700"}],"version-history":[{"count":1,"href":"https:\/\/encuentroinformativo.com.mx\/index.php?rest_route=\/wp\/v2\/posts\/38700\/revisions"}],"predecessor-version":[{"id":38702,"href":"https:\/\/encuentroinformativo.com.mx\/index.php?rest_route=\/wp\/v2\/posts\/38700\/revisions\/38702"}],"wp:featuredmedia":[{"embeddable":true,"href":"https:\/\/encuentroinformativo.com.mx\/index.php?rest_route=\/wp\/v2\/media\/38701"}],"wp:attachment":[{"href":"https:\/\/encuentroinformativo.com.mx\/index.php?rest_route=%2Fwp%2Fv2%2Fmedia&parent=38700"}],"wp:term":[{"taxonomy":"category","embeddable":true,"href":"https:\/\/encuentroinformativo.com.mx\/index.php?rest_route=%2Fwp%2Fv2%2Fcategories&post=38700"},{"taxonomy":"post_tag","embeddable":true,"href":"https:\/\/encuentroinformativo.com.mx\/index.php?rest_route=%2Fwp%2Fv2%2Ftags&post=38700"}],"curies":[{"name":"wp","href":"https:\/\/api.w.org\/{rel}","templated":true}]}}