{"id":38707,"date":"2023-03-31T15:46:40","date_gmt":"2023-03-31T21:46:40","guid":{"rendered":"https:\/\/encuentroinformativo.com.mx\/?p=38707"},"modified":"2023-03-31T15:46:43","modified_gmt":"2023-03-31T21:46:43","slug":"inicia-feria-del-taco-en-xalapa","status":"publish","type":"post","link":"https:\/\/encuentroinformativo.com.mx\/?p=38707","title":{"rendered":"Inicia Feria del Taco en Xalapa"},"content":{"rendered":"\n<p><strong>Israel Garc\u00eda <\/strong><\/p>\n\n\n\n<p>Xalapa, Ver.- El\u00a0 Presidente Municipal de Xalapa Ricardo Ahued Bardahuil, inaugur\u00f3 el Festival D\u00eda del Taco\u00a0 se llevo a cabo en la Plaza Gastron\u00f3mica San Jos\u00e9.<\/p>\n\n\n\n<p>Con la finalidad de promover la gastronomia de la region, adem\u00e1s de promover la reactivaci\u00f3n econ\u00f3mica de la ciudad se realiza el festival del taco durante este fin de semana.<\/p>\n\n\n\n<p>Por lo que el edil invit\u00f3 a las familias para que degusten de la variedad de tacos que pueden encontrar en la plaza gastron\u00f3mica.<\/p>\n\n\n\n<p>Usted podr\u00e1 encontrar ricos tacos de diferentes regiones, tacos de carnitas, longaniza, cabeza, maciza, tripa. Ademas de tacos de pescado, tacos de verdura, entre otros.<\/p>\n\n\n\n<p>La invitaci\u00f3n est\u00e1 abierta para que este viernes 31 y s\u00e1bado 01 de abril, \u00a1Vayan a disfrutar!<\/p>\n\n\n\n<figure class=\"wp-block-image size-large\"><img loading=\"lazy\" decoding=\"async\" width=\"1024\" height=\"576\" src=\"https:\/\/encuentroinformativo.com.mx\/wp-content\/uploads\/2023\/03\/Photo_1680298771196-1024x576.jpg\" alt=\"\" class=\"wp-image-38709\" srcset=\"https:\/\/encuentroinformativo.com.mx\/wp-content\/uploads\/2023\/03\/Photo_1680298771196-1024x576.jpg 1024w, https:\/\/encuentroinformativo.com.mx\/wp-content\/uploads\/2023\/03\/Photo_1680298771196-300x169.jpg 300w, https:\/\/encuentroinformativo.com.mx\/wp-content\/uploads\/2023\/03\/Photo_1680298771196-768x432.jpg 768w, https:\/\/encuentroinformativo.com.mx\/wp-content\/uploads\/2023\/03\/Photo_1680298771196.jpg 1280w\" sizes=\"auto, (max-width: 1024px) 100vw, 1024px\" \/><\/figure>\n","protected":false},"excerpt":{"rendered":"<p>Israel Garc\u00eda Xalapa, Ver.- El\u00a0 Presidente Municipal de Xalapa Ricardo Ahued Bardahuil, inaugur\u00f3 el Festival D\u00eda del Taco\u00a0 se llevo a cabo en la Plaza Gastron\u00f3mica San Jos\u00e9. Con la finalidad de promover la gastronomia de la region, adem\u00e1s de promover la reactivaci\u00f3n econ\u00f3mica de la ciudad se realiza el festival del taco durante este [&hellip;]<\/p>\n","protected":false},"author":2476,"featured_media":38708,"comment_status":"open","ping_status":"open","sticky":false,"template":"","format":"standard","meta":{"_jetpack_memberships_contains_paid_content":false,"footnotes":""},"categories":[3],"tags":[],"class_list":["post-38707","post","type-post","status-publish","format-standard","has-post-thumbnail","hentry","category-xalapa"],"jetpack_featured_media_url":"https:\/\/encuentroinformativo.com.mx\/wp-content\/uploads\/2023\/03\/Photo_1680298796032.jpg","jetpack_sharing_enabled":true,"jetpack_likes_enabled":true,"amp_enabled":true,"_links":{"self":[{"href":"https:\/\/encuentroinformativo.com.mx\/index.php?rest_route=\/wp\/v2\/posts\/38707","targetHints":{"allow":["GET"]}}],"collection":[{"href":"https:\/\/encuentroinformativo.com.mx\/index.php?rest_route=\/wp\/v2\/posts"}],"about":[{"href":"https:\/\/encuentroinformativo.com.mx\/index.php?rest_route=\/wp\/v2\/types\/post"}],"author":[{"embeddable":true,"href":"https:\/\/encuentroinformativo.com.mx\/index.php?rest_route=\/wp\/v2\/users\/2476"}],"replies":[{"embeddable":true,"href":"https:\/\/encuentroinformativo.com.mx\/index.php?rest_route=%2Fwp%2Fv2%2Fcomments&post=38707"}],"version-history":[{"count":1,"href":"https:\/\/encuentroinformativo.com.mx\/index.php?rest_route=\/wp\/v2\/posts\/38707\/revisions"}],"predecessor-version":[{"id":38710,"href":"https:\/\/encuentroinformativo.com.mx\/index.php?rest_route=\/wp\/v2\/posts\/38707\/revisions\/38710"}],"wp:featuredmedia":[{"embeddable":true,"href":"https:\/\/encuentroinformativo.com.mx\/index.php?rest_route=\/wp\/v2\/media\/38708"}],"wp:attachment":[{"href":"https:\/\/encuentroinformativo.com.mx\/index.php?rest_route=%2Fwp%2Fv2%2Fmedia&parent=38707"}],"wp:term":[{"taxonomy":"category","embeddable":true,"href":"https:\/\/encuentroinformativo.com.mx\/index.php?rest_route=%2Fwp%2Fv2%2Fcategories&post=38707"},{"taxonomy":"post_tag","embeddable":true,"href":"https:\/\/encuentroinformativo.com.mx\/index.php?rest_route=%2Fwp%2Fv2%2Ftags&post=38707"}],"curies":[{"name":"wp","href":"https:\/\/api.w.org\/{rel}","templated":true}]}}