{"id":3871,"date":"2020-07-05T23:00:10","date_gmt":"2020-07-06T04:00:10","guid":{"rendered":"https:\/\/encuentroinformativo.com\/?p=3871"},"modified":"2020-07-05T23:00:11","modified_gmt":"2020-07-06T04:00:11","slug":"veracruz-en-semaforo-rojo-175-municipios-con-casos-de-covid","status":"publish","type":"post","link":"https:\/\/encuentroinformativo.com.mx\/?p=3871","title":{"rendered":"Veracruz en sem\u00e1foro rojo, 175 municipios con casos de Covid"},"content":{"rendered":"\n<p><strong>Juan Arcos <\/strong><\/p>\n\n\n\n<p>Xalapa, Ver.- A partir del lunes 6 de julio, el estado de Veracruz regresa a sem\u00e1foro color rojo, de riesgo m\u00e1ximo de contagios por COVID-19, con casos positivos en 175 de los 212 municipios.<\/p>\n\n\n\n<p>En las \u00faltimas 24 horas se contabilizaron 94 nuevos casos confirmados en la entidad veracruzana.<\/p>\n\n\n\n<p>La Secretar\u00eda de Salud reporta 11 mil 569 casos en 175 municipios, de los cuales mil 126 son activos.<\/p>\n\n\n\n<p>Adem\u00e1s, se han registrado mil 759 fallecimientos en 117 demarcaciones.<\/p>\n\n\n\n<p>Tambi\u00e9n dos mil 752 casos de 141 municipios contin\u00faan en investigaci\u00f3n.En la entidad han sido estudiados 21 mil 6 casos, de \u00e9stos, 6 mil 685 resultaron negativos.<\/p>\n\n\n\n<p>El sem\u00e1foro permanecer\u00e1 en color rojo del 6 al 12 de julio. Son 137 municipios en riesgo m\u00e1ximo y 75 en riesgo alto de contagios.<\/p>\n\n\n\n<p>El titular de la Secretar\u00eda de Salud, Roberto Ramos Alor, reprob\u00f3 que algunos ciudadanos hicieron fiestas durante el fin de semana.<\/p>\n\n\n\n<p>\u201cEn esta capital, este fin de semana, haciendo fiestas y reuniones, principalmente j\u00f3venes\u201d.<\/p>\n\n\n\n<p>El funcionario estatal pidi\u00f3 nuevamente a la poblaci\u00f3n que se quede en casa y en caso de salir acaten las medidas sanitarias para evitar que contin\u00faen los contagios.<\/p>\n\n\n\n<p><\/p>\n\n\n\n<p><\/p>\n","protected":false},"excerpt":{"rendered":"<p>Juan Arcos Xalapa, Ver.- A partir del lunes 6 de julio, el estado de Veracruz regresa a sem\u00e1foro color rojo, de riesgo m\u00e1ximo de contagios por COVID-19, con casos positivos en 175 de los 212 municipios. En las \u00faltimas 24 horas se contabilizaron 94 nuevos casos confirmados en la entidad veracruzana. La Secretar\u00eda de Salud [&hellip;]<\/p>\n","protected":false},"author":1,"featured_media":3872,"comment_status":"open","ping_status":"open","sticky":false,"template":"","format":"standard","meta":{"_jetpack_memberships_contains_paid_content":false,"footnotes":""},"categories":[2],"tags":[],"class_list":["post-3871","post","type-post","status-publish","format-standard","has-post-thumbnail","hentry","category-estado"],"jetpack_featured_media_url":"https:\/\/encuentroinformativo.com.mx\/wp-content\/uploads\/2020\/07\/889E6614-B611-4233-8F1F-8AA3D1BE26FA.jpeg","jetpack_sharing_enabled":true,"jetpack_likes_enabled":true,"amp_enabled":true,"_links":{"self":[{"href":"https:\/\/encuentroinformativo.com.mx\/index.php?rest_route=\/wp\/v2\/posts\/3871","targetHints":{"allow":["GET"]}}],"collection":[{"href":"https:\/\/encuentroinformativo.com.mx\/index.php?rest_route=\/wp\/v2\/posts"}],"about":[{"href":"https:\/\/encuentroinformativo.com.mx\/index.php?rest_route=\/wp\/v2\/types\/post"}],"author":[{"embeddable":true,"href":"https:\/\/encuentroinformativo.com.mx\/index.php?rest_route=\/wp\/v2\/users\/1"}],"replies":[{"embeddable":true,"href":"https:\/\/encuentroinformativo.com.mx\/index.php?rest_route=%2Fwp%2Fv2%2Fcomments&post=3871"}],"version-history":[{"count":1,"href":"https:\/\/encuentroinformativo.com.mx\/index.php?rest_route=\/wp\/v2\/posts\/3871\/revisions"}],"predecessor-version":[{"id":3873,"href":"https:\/\/encuentroinformativo.com.mx\/index.php?rest_route=\/wp\/v2\/posts\/3871\/revisions\/3873"}],"wp:featuredmedia":[{"embeddable":true,"href":"https:\/\/encuentroinformativo.com.mx\/index.php?rest_route=\/wp\/v2\/media\/3872"}],"wp:attachment":[{"href":"https:\/\/encuentroinformativo.com.mx\/index.php?rest_route=%2Fwp%2Fv2%2Fmedia&parent=3871"}],"wp:term":[{"taxonomy":"category","embeddable":true,"href":"https:\/\/encuentroinformativo.com.mx\/index.php?rest_route=%2Fwp%2Fv2%2Fcategories&post=3871"},{"taxonomy":"post_tag","embeddable":true,"href":"https:\/\/encuentroinformativo.com.mx\/index.php?rest_route=%2Fwp%2Fv2%2Ftags&post=3871"}],"curies":[{"name":"wp","href":"https:\/\/api.w.org\/{rel}","templated":true}]}}