{"id":38711,"date":"2023-03-31T16:08:06","date_gmt":"2023-03-31T22:08:06","guid":{"rendered":"https:\/\/encuentroinformativo.com.mx\/?p=38711"},"modified":"2023-03-31T16:08:09","modified_gmt":"2023-03-31T22:08:09","slug":"intensificara-sev-campana-contra-bullying","status":"publish","type":"post","link":"https:\/\/encuentroinformativo.com.mx\/?p=38711","title":{"rendered":"Intensificar\u00e1 SEV campa\u00f1a contra bullying"},"content":{"rendered":"\n<p><strong>Dario Pale <\/strong><\/p>\n\n\n\n<p>Xalapa, Ver.- El titular de la Secretar\u00eda de Educaci\u00f3n de Veracruz (SEV), Zenyazen Escobar Garc\u00eda dio a conocer que van a iniciar un campa\u00f1a muy fuerte en contra del Bullying en las diferentes escuelas del estado\u00a0<\/p>\n\n\n\n<p>En entrevista se\u00f1al\u00f3 que contin\u00faan con los talleres del manejo de las emociones con los ni\u00f1os, ni\u00f1as, j\u00f3venes y adolescentes, as\u00ed como con los padres y madres de familia ya que Veracruz es la segunda entidad con el mayor n\u00famero de estudiantes a nivel nacional que suma 2.4 millones de estudiantes.<\/p>\n\n\n\n<p>Dijo que se vivi\u00f3 algo at\u00edpico como fue la pandemia y al final hay una repercusi\u00f3n que actualmente se vive en el estado, pero la ruta que est\u00e1n trabajando es el tema de la prevenci\u00f3n, como es el operativo mochila, mochila confiable, talleres, manejo de las emociones, talleres con maestras y maestros para salir adelante.<\/p>\n\n\n\n<p>Coment\u00f3 que las maestras y los maestros veracruzanos dan el alma y el coraz\u00f3n en el d\u00eda a d\u00eda, pero por el momento no puedo opinar sobre dicho tema que est\u00e1 en fiscal\u00eda pero las maestras y los maestros dan el coraz\u00f3n en el d\u00eda a d\u00eda.<\/p>\n\n\n\n<p>Se\u00f1al\u00f3 que Veracruz es el primer estado que tiene un manual para darle atenci\u00f3n a los j\u00f3venes con s\u00edndrome de Asperger el cual acaban de presentar, y es una investigaci\u00f3n de tres maestros veracruzanos que durante 20 a\u00f1os lo realizaron el cual hoy ya es una realidad.<\/p>\n\n\n\n<p>Dio a conocer que en todas las escuelas aceptan a ni\u00f1as y ni\u00f1os con alguna discapacidad y que al final no todos tienen esa preparaci\u00f3n de lo que es educaci\u00f3n especial pero hacen una apertura y preparaci\u00f3n constante de los docentes para atender a todos los ni\u00f1os sin excluir a nadie ya que es parte del compromiso y los retos que tienen como docentes.<\/p>\n\n\n\n<p>Inform\u00f3 que hay una investigaci\u00f3n como tal en general por los hechos y por respeto al menor no dar\u00e1 m\u00e1s detalles, pero reiter\u00f3 que los maestros dan todo todos los d\u00edas en las aulas de clase.<\/p>\n\n\n\n<p>En cuanto a las denuncias por el Bullying se\u00f1al\u00f3 que van a iniciar una campa\u00f1a muy fuerte en dicho tema por las diversas situaciones que se han estado presentando, reiter\u00f3 que van a estar informado sobre la campa\u00f1a.<\/p>\n\n\n\n<p>Finalmente se\u00f1al\u00f3 que en el caso del menor de C\u00f3rdova no entra en esos casos pero lo retomar\u00e1n, hay peticiones y diferentes acciones que han estado haciendo, al igual que el video donde un compa\u00f1ero agrede a otro, y los maestros son quienes deben de exhortar a los menores para que no se presentes estos casos de Bullying.<\/p>\n","protected":false},"excerpt":{"rendered":"<p>Dario Pale Xalapa, Ver.- El titular de la Secretar\u00eda de Educaci\u00f3n de Veracruz (SEV), Zenyazen Escobar Garc\u00eda dio a conocer que van a iniciar un campa\u00f1a muy fuerte en contra del Bullying en las diferentes escuelas del estado\u00a0 En entrevista se\u00f1al\u00f3 que contin\u00faan con los talleres del manejo de las emociones con los ni\u00f1os, ni\u00f1as, [&hellip;]<\/p>\n","protected":false},"author":2476,"featured_media":38712,"comment_status":"open","ping_status":"open","sticky":false,"template":"","format":"standard","meta":{"_jetpack_memberships_contains_paid_content":false,"footnotes":""},"categories":[2],"tags":[],"class_list":["post-38711","post","type-post","status-publish","format-standard","has-post-thumbnail","hentry","category-estado"],"jetpack_featured_media_url":"https:\/\/encuentroinformativo.com.mx\/wp-content\/uploads\/2023\/03\/IMG-20230331-WA00762.jpg","jetpack_sharing_enabled":true,"jetpack_likes_enabled":true,"amp_enabled":true,"_links":{"self":[{"href":"https:\/\/encuentroinformativo.com.mx\/index.php?rest_route=\/wp\/v2\/posts\/38711","targetHints":{"allow":["GET"]}}],"collection":[{"href":"https:\/\/encuentroinformativo.com.mx\/index.php?rest_route=\/wp\/v2\/posts"}],"about":[{"href":"https:\/\/encuentroinformativo.com.mx\/index.php?rest_route=\/wp\/v2\/types\/post"}],"author":[{"embeddable":true,"href":"https:\/\/encuentroinformativo.com.mx\/index.php?rest_route=\/wp\/v2\/users\/2476"}],"replies":[{"embeddable":true,"href":"https:\/\/encuentroinformativo.com.mx\/index.php?rest_route=%2Fwp%2Fv2%2Fcomments&post=38711"}],"version-history":[{"count":1,"href":"https:\/\/encuentroinformativo.com.mx\/index.php?rest_route=\/wp\/v2\/posts\/38711\/revisions"}],"predecessor-version":[{"id":38713,"href":"https:\/\/encuentroinformativo.com.mx\/index.php?rest_route=\/wp\/v2\/posts\/38711\/revisions\/38713"}],"wp:featuredmedia":[{"embeddable":true,"href":"https:\/\/encuentroinformativo.com.mx\/index.php?rest_route=\/wp\/v2\/media\/38712"}],"wp:attachment":[{"href":"https:\/\/encuentroinformativo.com.mx\/index.php?rest_route=%2Fwp%2Fv2%2Fmedia&parent=38711"}],"wp:term":[{"taxonomy":"category","embeddable":true,"href":"https:\/\/encuentroinformativo.com.mx\/index.php?rest_route=%2Fwp%2Fv2%2Fcategories&post=38711"},{"taxonomy":"post_tag","embeddable":true,"href":"https:\/\/encuentroinformativo.com.mx\/index.php?rest_route=%2Fwp%2Fv2%2Ftags&post=38711"}],"curies":[{"name":"wp","href":"https:\/\/api.w.org\/{rel}","templated":true}]}}