{"id":38717,"date":"2023-03-31T16:42:04","date_gmt":"2023-03-31T22:42:04","guid":{"rendered":"https:\/\/encuentroinformativo.com.mx\/?p=38717"},"modified":"2023-03-31T16:42:08","modified_gmt":"2023-03-31T22:42:08","slug":"cabildo-porteno-quita-comisiones-de-ninez-y-familia-a-regidor-acusado-de-violencia-de-genero","status":"publish","type":"post","link":"https:\/\/encuentroinformativo.com.mx\/?p=38717","title":{"rendered":"Cabildo porte\u00f1o quita comisiones de Ni\u00f1ez y Familia a regidor acusado de violencia de g\u00e9nero"},"content":{"rendered":"\n<p><strong>Alejandro \u00c1vila<\/strong><\/p>\n\n\n\n<p>Veracruz, Ver.- La tarde de este viernes, el Cabildo de Veracruz aprob\u00f3 por mayor\u00eda el quitarle las comisiones de la Ni\u00f1ez y Familia, as\u00ed como la del Carnaval, al regidor Sebasti\u00e1n &#8220;N&#8221;, quien cuenta con denuncias ante la Fiscal\u00eda General de Veracruz, por presunta violencia f\u00edsica, sexual y psicol\u00f3gica, en contra de varias mujeres.<\/p>\n\n\n\n<p>El edil morenista no pudo estar presente en la sesi\u00f3n solemne de Cabildo, pues a su llegada al Palacio Municipal fue increpado por varias j\u00f3venes que le evitaron seguir con su paso, al tiempo que le gritaban, \u00a1violador!.<\/p>\n\n\n\n<p>Durante la sesi\u00f3n de Cabildo, los regidores de Morena, Daniel Mart\u00edn Lois y Virginia Rold\u00e1n Ram\u00edrez, se abstuvieron de emitir su voto para esta solicitud.<\/p>\n\n\n\n<p>Los nuevos ediles que se har\u00e1n cargo de las comisiones antes mencionadas son: el panista, Luis Enrique Beltr\u00e1n Calder\u00f3n, con la comisi\u00f3n de Carnaval; y la morenista, Dolores Hern\u00e1ndez Sarmiento, con la comisi\u00f3n de la Ni\u00f1ez y la Familia.<\/p>\n\n\n\n<p>Es de mencionar que, una hora antes de la sesi\u00f3n de Cabildo, las mismas j\u00f3venes que increparon al regidor Sebasti\u00e1n &#8220;N&#8221;, se manifestaron afuera de sus oficinas, donde adem\u00e1s, dejaron graffitis con la palabra, violador.<\/p>\n\n\n\n<p>Hasta el momento se desconoce si la Fiscal\u00eda General de Veracruz ya ha dispuesto de una fecha para citar al edil de Morena a que comparezca por las denuncias en su contra.<\/p>\n\n\n\n<figure class=\"wp-block-image size-large\"><img loading=\"lazy\" decoding=\"async\" width=\"1024\" height=\"491\" src=\"https:\/\/encuentroinformativo.com.mx\/wp-content\/uploads\/2023\/03\/IMG-20230331-WA01232-1024x491.jpg\" alt=\"\" class=\"wp-image-38719\" srcset=\"https:\/\/encuentroinformativo.com.mx\/wp-content\/uploads\/2023\/03\/IMG-20230331-WA01232-1024x491.jpg 1024w, https:\/\/encuentroinformativo.com.mx\/wp-content\/uploads\/2023\/03\/IMG-20230331-WA01232-300x144.jpg 300w, https:\/\/encuentroinformativo.com.mx\/wp-content\/uploads\/2023\/03\/IMG-20230331-WA01232-768x368.jpg 768w, https:\/\/encuentroinformativo.com.mx\/wp-content\/uploads\/2023\/03\/IMG-20230331-WA01232.jpg 1261w\" sizes=\"auto, (max-width: 1024px) 100vw, 1024px\" \/><\/figure>\n","protected":false},"excerpt":{"rendered":"<p>Alejandro \u00c1vila Veracruz, Ver.- La tarde de este viernes, el Cabildo de Veracruz aprob\u00f3 por mayor\u00eda el quitarle las comisiones de la Ni\u00f1ez y Familia, as\u00ed como la del Carnaval, al regidor Sebasti\u00e1n &#8220;N&#8221;, quien cuenta con denuncias ante la Fiscal\u00eda General de Veracruz, por presunta violencia f\u00edsica, sexual y psicol\u00f3gica, en contra de varias [&hellip;]<\/p>\n","protected":false},"author":2476,"featured_media":38718,"comment_status":"open","ping_status":"open","sticky":false,"template":"","format":"standard","meta":{"_jetpack_memberships_contains_paid_content":false,"footnotes":""},"categories":[2],"tags":[],"class_list":["post-38717","post","type-post","status-publish","format-standard","has-post-thumbnail","hentry","category-estado"],"jetpack_featured_media_url":"https:\/\/encuentroinformativo.com.mx\/wp-content\/uploads\/2023\/03\/IMG-20230331-WA01252.jpg","jetpack_sharing_enabled":true,"jetpack_likes_enabled":true,"amp_enabled":true,"_links":{"self":[{"href":"https:\/\/encuentroinformativo.com.mx\/index.php?rest_route=\/wp\/v2\/posts\/38717","targetHints":{"allow":["GET"]}}],"collection":[{"href":"https:\/\/encuentroinformativo.com.mx\/index.php?rest_route=\/wp\/v2\/posts"}],"about":[{"href":"https:\/\/encuentroinformativo.com.mx\/index.php?rest_route=\/wp\/v2\/types\/post"}],"author":[{"embeddable":true,"href":"https:\/\/encuentroinformativo.com.mx\/index.php?rest_route=\/wp\/v2\/users\/2476"}],"replies":[{"embeddable":true,"href":"https:\/\/encuentroinformativo.com.mx\/index.php?rest_route=%2Fwp%2Fv2%2Fcomments&post=38717"}],"version-history":[{"count":1,"href":"https:\/\/encuentroinformativo.com.mx\/index.php?rest_route=\/wp\/v2\/posts\/38717\/revisions"}],"predecessor-version":[{"id":38720,"href":"https:\/\/encuentroinformativo.com.mx\/index.php?rest_route=\/wp\/v2\/posts\/38717\/revisions\/38720"}],"wp:featuredmedia":[{"embeddable":true,"href":"https:\/\/encuentroinformativo.com.mx\/index.php?rest_route=\/wp\/v2\/media\/38718"}],"wp:attachment":[{"href":"https:\/\/encuentroinformativo.com.mx\/index.php?rest_route=%2Fwp%2Fv2%2Fmedia&parent=38717"}],"wp:term":[{"taxonomy":"category","embeddable":true,"href":"https:\/\/encuentroinformativo.com.mx\/index.php?rest_route=%2Fwp%2Fv2%2Fcategories&post=38717"},{"taxonomy":"post_tag","embeddable":true,"href":"https:\/\/encuentroinformativo.com.mx\/index.php?rest_route=%2Fwp%2Fv2%2Ftags&post=38717"}],"curies":[{"name":"wp","href":"https:\/\/api.w.org\/{rel}","templated":true}]}}