{"id":38725,"date":"2023-03-31T20:35:46","date_gmt":"2023-04-01T02:35:46","guid":{"rendered":"https:\/\/encuentroinformativo.com.mx\/?p=38725"},"modified":"2023-03-31T20:35:50","modified_gmt":"2023-04-01T02:35:50","slug":"ayuntamiento-de-boca-del-rio-rehabilita-semaforos-y-senalizacion-previo-a-la-semana-santa","status":"publish","type":"post","link":"https:\/\/encuentroinformativo.com.mx\/?p=38725","title":{"rendered":"Ayuntamiento de Boca del R\u00edo rehabilita sem\u00e1foros y se\u00f1alizaci\u00f3n previo a la Semana Santa"},"content":{"rendered":"\n<p>Boca del R\u00edo, Ver.- Para que automovilistas y peatones que visitar\u00e1n a Boca del R\u00edo durante la Semana Santa lo hagan de manera segura, las cuadrillas de la Direcci\u00f3n de Mantenimiento Urbano realizan trabajos de rehabilitaci\u00f3n en el Bulevar Manuel \u00c1vila Camacho, Ru\u00edz Cortines y Juan Pablo II.<\/p>\n\n\n\n<p>El Alcalde Juan Manuel Un\u00e1nue Abascal explic\u00f3 que intervienen los sem\u00e1foros y la se\u00f1alizaci\u00f3n de esta importante zona tur\u00edstica municipal, adem\u00e1s de instalar luminarias y embellecer la zona.<\/p>\n\n\n\n<p>\u201cTenemos la ciudad limpia y ordenada para garantizar la mejor experiencia a quienes nos visiten en estas vacaciones de Semana Santa\u201d, enfatiz\u00f3 el Presidente Municipal de Boca del R\u00edo.<\/p>\n\n\n\n<p>Asimismo record\u00f3 que durante la duraci\u00f3n del periodo vacacional todo el personal del Ayuntamiento estar\u00e1 pendiente de dar un adecuado acompa\u00f1amiento a todos los turistas locales, nacionales e internacionales que lo requieran.<\/p>\n\n\n\n<figure class=\"wp-block-image size-large\"><img loading=\"lazy\" decoding=\"async\" width=\"1024\" height=\"576\" src=\"https:\/\/encuentroinformativo.com.mx\/wp-content\/uploads\/2023\/03\/IMG-20230331-WA0137.jpg\" alt=\"\" class=\"wp-image-38727\" srcset=\"https:\/\/encuentroinformativo.com.mx\/wp-content\/uploads\/2023\/03\/IMG-20230331-WA0137.jpg 1024w, https:\/\/encuentroinformativo.com.mx\/wp-content\/uploads\/2023\/03\/IMG-20230331-WA0137-300x169.jpg 300w, https:\/\/encuentroinformativo.com.mx\/wp-content\/uploads\/2023\/03\/IMG-20230331-WA0137-768x432.jpg 768w\" sizes=\"auto, (max-width: 1024px) 100vw, 1024px\" \/><\/figure>\n","protected":false},"excerpt":{"rendered":"<p>Boca del R\u00edo, Ver.- Para que automovilistas y peatones que visitar\u00e1n a Boca del R\u00edo durante la Semana Santa lo hagan de manera segura, las cuadrillas de la Direcci\u00f3n de Mantenimiento Urbano realizan trabajos de rehabilitaci\u00f3n en el Bulevar Manuel \u00c1vila Camacho, Ru\u00edz Cortines y Juan Pablo II. El Alcalde Juan Manuel Un\u00e1nue Abascal explic\u00f3 [&hellip;]<\/p>\n","protected":false},"author":2476,"featured_media":38726,"comment_status":"open","ping_status":"open","sticky":false,"template":"","format":"standard","meta":{"_jetpack_memberships_contains_paid_content":false,"footnotes":""},"categories":[2],"tags":[],"class_list":["post-38725","post","type-post","status-publish","format-standard","has-post-thumbnail","hentry","category-estado"],"jetpack_featured_media_url":"https:\/\/encuentroinformativo.com.mx\/wp-content\/uploads\/2023\/03\/IMG-20230331-WA0136.jpg","jetpack_sharing_enabled":true,"jetpack_likes_enabled":true,"amp_enabled":true,"_links":{"self":[{"href":"https:\/\/encuentroinformativo.com.mx\/index.php?rest_route=\/wp\/v2\/posts\/38725","targetHints":{"allow":["GET"]}}],"collection":[{"href":"https:\/\/encuentroinformativo.com.mx\/index.php?rest_route=\/wp\/v2\/posts"}],"about":[{"href":"https:\/\/encuentroinformativo.com.mx\/index.php?rest_route=\/wp\/v2\/types\/post"}],"author":[{"embeddable":true,"href":"https:\/\/encuentroinformativo.com.mx\/index.php?rest_route=\/wp\/v2\/users\/2476"}],"replies":[{"embeddable":true,"href":"https:\/\/encuentroinformativo.com.mx\/index.php?rest_route=%2Fwp%2Fv2%2Fcomments&post=38725"}],"version-history":[{"count":1,"href":"https:\/\/encuentroinformativo.com.mx\/index.php?rest_route=\/wp\/v2\/posts\/38725\/revisions"}],"predecessor-version":[{"id":38728,"href":"https:\/\/encuentroinformativo.com.mx\/index.php?rest_route=\/wp\/v2\/posts\/38725\/revisions\/38728"}],"wp:featuredmedia":[{"embeddable":true,"href":"https:\/\/encuentroinformativo.com.mx\/index.php?rest_route=\/wp\/v2\/media\/38726"}],"wp:attachment":[{"href":"https:\/\/encuentroinformativo.com.mx\/index.php?rest_route=%2Fwp%2Fv2%2Fmedia&parent=38725"}],"wp:term":[{"taxonomy":"category","embeddable":true,"href":"https:\/\/encuentroinformativo.com.mx\/index.php?rest_route=%2Fwp%2Fv2%2Fcategories&post=38725"},{"taxonomy":"post_tag","embeddable":true,"href":"https:\/\/encuentroinformativo.com.mx\/index.php?rest_route=%2Fwp%2Fv2%2Ftags&post=38725"}],"curies":[{"name":"wp","href":"https:\/\/api.w.org\/{rel}","templated":true}]}}