{"id":38729,"date":"2023-04-01T12:20:37","date_gmt":"2023-04-01T18:20:37","guid":{"rendered":"https:\/\/encuentroinformativo.com.mx\/?p=38729"},"modified":"2023-04-01T12:20:41","modified_gmt":"2023-04-01T18:20:41","slug":"altas-expectativas-economicas-de-comerciantes-por-carnaval-de-tlalixcoyan","status":"publish","type":"post","link":"https:\/\/encuentroinformativo.com.mx\/?p=38729","title":{"rendered":"Altas expectativas econ\u00f3micas de comerciantes por Carnaval de Tlalixcoyan"},"content":{"rendered":"\n<p><strong>Alejandro \u00c1vila<\/strong><\/p>\n\n\n\n<p>Tlalixcoyan, Ver.- Los comerciantes de la cabecera municipal de Tlalixcoyan tienen altas expectativas econ\u00f3micas para este fin de semana, toda vez que ya se desarrollan los festejos de Carnaval.<\/p>\n\n\n\n<p>Se espera que durante este s\u00e1bado y domingo se tenga una gran rama econ\u00f3mica, ya que se vislumbra la llegada de centenares de visitantes de municipios aleda\u00f1os.<\/p>\n\n\n\n<p>El pasado jueves 30 de marzo inici\u00f3 el Carnaval de Tlalixcoyan con la coronaci\u00f3n de los reyes infantiles; mientras que este viernes 31 de marzo, la alcaldesa, Elvia Illescas Loyo, coron\u00f3 a la Corte Real integrada por; Marisol Uscanga Rivas y Luis \u00c1ngel Cruz Arano, como Rey y Reina, respectivamente; adem\u00e1s de, Felipe Rivera Pantoja &#8220;Alessandra Rivera&#8221;, como Reina LGBT.<\/p>\n\n\n\n<p>Este s\u00e1bado inician el primer desfile en la cabecera municipal del municipio de Tlalixcoyan a las 18 horas, donde se espera el arribo de cientos de visitantes, aprovechando la temporada vacacional escolar por motivo de la Semana Santa.<\/p>\n\n\n\n<p>Cabe mencionar que, se espera otro fin de semana de fuerte derrama econ\u00f3mica en el municipio de Tlalixcoyan, pues del 27 de abril al 1 de Mayo se realizar\u00e1 otro Carnaval en la localidad de Piedras Negras.<\/p>\n","protected":false},"excerpt":{"rendered":"<p>Alejandro \u00c1vila Tlalixcoyan, Ver.- Los comerciantes de la cabecera municipal de Tlalixcoyan tienen altas expectativas econ\u00f3micas para este fin de semana, toda vez que ya se desarrollan los festejos de Carnaval. Se espera que durante este s\u00e1bado y domingo se tenga una gran rama econ\u00f3mica, ya que se vislumbra la llegada de centenares de visitantes [&hellip;]<\/p>\n","protected":false},"author":2476,"featured_media":38730,"comment_status":"open","ping_status":"open","sticky":false,"template":"","format":"standard","meta":{"_jetpack_memberships_contains_paid_content":false,"footnotes":""},"categories":[2],"tags":[],"class_list":["post-38729","post","type-post","status-publish","format-standard","has-post-thumbnail","hentry","category-estado"],"jetpack_featured_media_url":"https:\/\/encuentroinformativo.com.mx\/wp-content\/uploads\/2023\/04\/IMG-20230401-WA0008.jpg","jetpack_sharing_enabled":true,"jetpack_likes_enabled":true,"amp_enabled":true,"_links":{"self":[{"href":"https:\/\/encuentroinformativo.com.mx\/index.php?rest_route=\/wp\/v2\/posts\/38729","targetHints":{"allow":["GET"]}}],"collection":[{"href":"https:\/\/encuentroinformativo.com.mx\/index.php?rest_route=\/wp\/v2\/posts"}],"about":[{"href":"https:\/\/encuentroinformativo.com.mx\/index.php?rest_route=\/wp\/v2\/types\/post"}],"author":[{"embeddable":true,"href":"https:\/\/encuentroinformativo.com.mx\/index.php?rest_route=\/wp\/v2\/users\/2476"}],"replies":[{"embeddable":true,"href":"https:\/\/encuentroinformativo.com.mx\/index.php?rest_route=%2Fwp%2Fv2%2Fcomments&post=38729"}],"version-history":[{"count":1,"href":"https:\/\/encuentroinformativo.com.mx\/index.php?rest_route=\/wp\/v2\/posts\/38729\/revisions"}],"predecessor-version":[{"id":38731,"href":"https:\/\/encuentroinformativo.com.mx\/index.php?rest_route=\/wp\/v2\/posts\/38729\/revisions\/38731"}],"wp:featuredmedia":[{"embeddable":true,"href":"https:\/\/encuentroinformativo.com.mx\/index.php?rest_route=\/wp\/v2\/media\/38730"}],"wp:attachment":[{"href":"https:\/\/encuentroinformativo.com.mx\/index.php?rest_route=%2Fwp%2Fv2%2Fmedia&parent=38729"}],"wp:term":[{"taxonomy":"category","embeddable":true,"href":"https:\/\/encuentroinformativo.com.mx\/index.php?rest_route=%2Fwp%2Fv2%2Fcategories&post=38729"},{"taxonomy":"post_tag","embeddable":true,"href":"https:\/\/encuentroinformativo.com.mx\/index.php?rest_route=%2Fwp%2Fv2%2Ftags&post=38729"}],"curies":[{"name":"wp","href":"https:\/\/api.w.org\/{rel}","templated":true}]}}