{"id":38732,"date":"2023-04-01T12:23:34","date_gmt":"2023-04-01T18:23:34","guid":{"rendered":"https:\/\/encuentroinformativo.com.mx\/?p=38732"},"modified":"2023-04-01T12:23:38","modified_gmt":"2023-04-01T18:23:38","slug":"militantes-piden-cambios-en-dirigencia-del-partido-verde","status":"publish","type":"post","link":"https:\/\/encuentroinformativo.com.mx\/?p=38732","title":{"rendered":"Militantes piden cambios en dirigencia del Partido Verde"},"content":{"rendered":"\n<p><strong>Alejandro \u00c1vila<\/strong><\/p>\n\n\n\n<p>Veracruz, Ver.- Consejeros del partido Verde Ecologista en Veracruz, dieron a conocer que el Comit\u00e9 Ejecutivo Nacional del PVEM, le pidieron la renuncia a Eleaney Sesma, como presidenta estatal en Veracruz del mencionado partido pol\u00edtico, por presuntas irregularidades administrativas.<\/p>\n\n\n\n<p>Los informantes que pidieron ser an\u00f3nimos, se\u00f1alaron que las irregularidades en la dirigencia de la originaria de Misantla, tuvieron que ver con cuestiones administrativas y descuido de los cuadros del partido, el cual sufri\u00f3 un desmantelamiento y desbandada en los \u00faltimos 18 meses.<\/p>\n\n\n\n<p>Eleaney Sesma asumi\u00f3 la dirigencia en una asamblea secreta en el municipio de Jilotepec en diciembre del 2021, tras haber renunciado a la candidatura a la diputaci\u00f3n local plurinominal en el proceso local del 2021 para cederle el lugar a, Citlali Medell\u00edn Careaga, y as\u00ed, presuntamente, protegerla de posibles se\u00f1alamientos de da\u00f1o patrimonial durante su administraci\u00f3n municipal en Tamiahua.<\/p>\n\n\n\n<p>De acuerdo a las fuentes, la decisi\u00f3n fue tomada el pasado mi\u00e9rcoles por el CEN del PVEM; al momento, la dirigencia estatal quedar\u00e1 ac\u00e9fala mientras se determina la sustituci\u00f3n de acuerdo a los estatutos de ese partido.<\/p>\n","protected":false},"excerpt":{"rendered":"<p>Alejandro \u00c1vila Veracruz, Ver.- Consejeros del partido Verde Ecologista en Veracruz, dieron a conocer que el Comit\u00e9 Ejecutivo Nacional del PVEM, le pidieron la renuncia a Eleaney Sesma, como presidenta estatal en Veracruz del mencionado partido pol\u00edtico, por presuntas irregularidades administrativas. Los informantes que pidieron ser an\u00f3nimos, se\u00f1alaron que las irregularidades en la dirigencia de [&hellip;]<\/p>\n","protected":false},"author":2476,"featured_media":38733,"comment_status":"open","ping_status":"open","sticky":false,"template":"","format":"standard","meta":{"_jetpack_memberships_contains_paid_content":false,"footnotes":""},"categories":[2],"tags":[],"class_list":["post-38732","post","type-post","status-publish","format-standard","has-post-thumbnail","hentry","category-estado"],"jetpack_featured_media_url":"https:\/\/encuentroinformativo.com.mx\/wp-content\/uploads\/2023\/04\/IMG-20230401-WA00062.jpg","jetpack_sharing_enabled":true,"jetpack_likes_enabled":true,"amp_enabled":true,"_links":{"self":[{"href":"https:\/\/encuentroinformativo.com.mx\/index.php?rest_route=\/wp\/v2\/posts\/38732","targetHints":{"allow":["GET"]}}],"collection":[{"href":"https:\/\/encuentroinformativo.com.mx\/index.php?rest_route=\/wp\/v2\/posts"}],"about":[{"href":"https:\/\/encuentroinformativo.com.mx\/index.php?rest_route=\/wp\/v2\/types\/post"}],"author":[{"embeddable":true,"href":"https:\/\/encuentroinformativo.com.mx\/index.php?rest_route=\/wp\/v2\/users\/2476"}],"replies":[{"embeddable":true,"href":"https:\/\/encuentroinformativo.com.mx\/index.php?rest_route=%2Fwp%2Fv2%2Fcomments&post=38732"}],"version-history":[{"count":1,"href":"https:\/\/encuentroinformativo.com.mx\/index.php?rest_route=\/wp\/v2\/posts\/38732\/revisions"}],"predecessor-version":[{"id":38734,"href":"https:\/\/encuentroinformativo.com.mx\/index.php?rest_route=\/wp\/v2\/posts\/38732\/revisions\/38734"}],"wp:featuredmedia":[{"embeddable":true,"href":"https:\/\/encuentroinformativo.com.mx\/index.php?rest_route=\/wp\/v2\/media\/38733"}],"wp:attachment":[{"href":"https:\/\/encuentroinformativo.com.mx\/index.php?rest_route=%2Fwp%2Fv2%2Fmedia&parent=38732"}],"wp:term":[{"taxonomy":"category","embeddable":true,"href":"https:\/\/encuentroinformativo.com.mx\/index.php?rest_route=%2Fwp%2Fv2%2Fcategories&post=38732"},{"taxonomy":"post_tag","embeddable":true,"href":"https:\/\/encuentroinformativo.com.mx\/index.php?rest_route=%2Fwp%2Fv2%2Ftags&post=38732"}],"curies":[{"name":"wp","href":"https:\/\/api.w.org\/{rel}","templated":true}]}}