{"id":38735,"date":"2023-04-01T12:30:42","date_gmt":"2023-04-01T18:30:42","guid":{"rendered":"https:\/\/encuentroinformativo.com.mx\/?p=38735"},"modified":"2023-04-01T12:30:45","modified_gmt":"2023-04-01T18:30:45","slug":"refuerzan-operativos-en-medellin-por-semana-santa","status":"publish","type":"post","link":"https:\/\/encuentroinformativo.com.mx\/?p=38735","title":{"rendered":"Refuerzan operativos en Medell\u00edn por Semana Santa"},"content":{"rendered":"\n<p><strong>Alejandro \u00c1vila<\/strong><\/p>\n\n\n\n<p>Medell\u00edn de Bravo, Ver.- El Ayuntamiento de Medell\u00edn de Bravo inform\u00f3 que con lo recaudado del impuesto predial se reforzar\u00e1 al \u00e1rea de Protecci\u00f3n Civil para brindar un mejor servicio durante la Semana Santa 2023.<\/p>\n\n\n\n<p>El alcalde, Marcos Isle\u00f1o Andrade, destac\u00f3 la compra de una nueva ambulancia y equipo de rescate acu\u00e1tico; dando inicio al \u201cOperativo de Semana Santa 2023&#8243;, a desarrollarse del 31 de marzo al 9 de abril.<\/p>\n\n\n\n<p>El presidente municipal coment\u00f3 que el objetivo del operativo es salvaguardar la integridad f\u00edsica de medellinenses y visitantes que durante dicho periodo vacacional acudan a r\u00edos y lagunas del municipio.<\/p>\n\n\n\n<p>\u201cQuiero decir que estamos muy contentos, ya que gracias a la recaudaci\u00f3n del impuesto predial pudimos comprar una ambulancia nueva y un equipo acu\u00e1tico (una lancha), para que est\u00e9 dando servicio no s\u00f3lo en Semana Santa, sino en todo el a\u00f1o\u201d, coment\u00f3.<\/p>\n\n\n\n<p>A su vez, resalt\u00f3 que la Direcci\u00f3n de Protecci\u00f3n Civil, -a cargo de Adri\u00e1n Mart\u00ednez Gayoso- est\u00e1 cada vez m\u00e1s equipada, para brindar una mejor atenci\u00f3n a los medellinenses, sobre todo, en temporadas donde hay mucha afluencia de visitantes, como Semana Santa.<\/p>\n","protected":false},"excerpt":{"rendered":"<p>Alejandro \u00c1vila Medell\u00edn de Bravo, Ver.- El Ayuntamiento de Medell\u00edn de Bravo inform\u00f3 que con lo recaudado del impuesto predial se reforzar\u00e1 al \u00e1rea de Protecci\u00f3n Civil para brindar un mejor servicio durante la Semana Santa 2023. El alcalde, Marcos Isle\u00f1o Andrade, destac\u00f3 la compra de una nueva ambulancia y equipo de rescate acu\u00e1tico; dando [&hellip;]<\/p>\n","protected":false},"author":2476,"featured_media":38736,"comment_status":"open","ping_status":"open","sticky":false,"template":"","format":"standard","meta":{"_jetpack_memberships_contains_paid_content":false,"footnotes":""},"categories":[2],"tags":[],"class_list":["post-38735","post","type-post","status-publish","format-standard","has-post-thumbnail","hentry","category-estado"],"jetpack_featured_media_url":"https:\/\/encuentroinformativo.com.mx\/wp-content\/uploads\/2023\/04\/IMG-20230401-WA0019.jpg","jetpack_sharing_enabled":true,"jetpack_likes_enabled":true,"amp_enabled":true,"_links":{"self":[{"href":"https:\/\/encuentroinformativo.com.mx\/index.php?rest_route=\/wp\/v2\/posts\/38735","targetHints":{"allow":["GET"]}}],"collection":[{"href":"https:\/\/encuentroinformativo.com.mx\/index.php?rest_route=\/wp\/v2\/posts"}],"about":[{"href":"https:\/\/encuentroinformativo.com.mx\/index.php?rest_route=\/wp\/v2\/types\/post"}],"author":[{"embeddable":true,"href":"https:\/\/encuentroinformativo.com.mx\/index.php?rest_route=\/wp\/v2\/users\/2476"}],"replies":[{"embeddable":true,"href":"https:\/\/encuentroinformativo.com.mx\/index.php?rest_route=%2Fwp%2Fv2%2Fcomments&post=38735"}],"version-history":[{"count":1,"href":"https:\/\/encuentroinformativo.com.mx\/index.php?rest_route=\/wp\/v2\/posts\/38735\/revisions"}],"predecessor-version":[{"id":38737,"href":"https:\/\/encuentroinformativo.com.mx\/index.php?rest_route=\/wp\/v2\/posts\/38735\/revisions\/38737"}],"wp:featuredmedia":[{"embeddable":true,"href":"https:\/\/encuentroinformativo.com.mx\/index.php?rest_route=\/wp\/v2\/media\/38736"}],"wp:attachment":[{"href":"https:\/\/encuentroinformativo.com.mx\/index.php?rest_route=%2Fwp%2Fv2%2Fmedia&parent=38735"}],"wp:term":[{"taxonomy":"category","embeddable":true,"href":"https:\/\/encuentroinformativo.com.mx\/index.php?rest_route=%2Fwp%2Fv2%2Fcategories&post=38735"},{"taxonomy":"post_tag","embeddable":true,"href":"https:\/\/encuentroinformativo.com.mx\/index.php?rest_route=%2Fwp%2Fv2%2Ftags&post=38735"}],"curies":[{"name":"wp","href":"https:\/\/api.w.org\/{rel}","templated":true}]}}