{"id":38738,"date":"2023-04-01T15:13:12","date_gmt":"2023-04-01T21:13:12","guid":{"rendered":"https:\/\/encuentroinformativo.com.mx\/?p=38738"},"modified":"2023-04-01T15:13:16","modified_gmt":"2023-04-01T21:13:16","slug":"presumen-afiliacion-de-militantes-a-fuerza-por-mexico","status":"publish","type":"post","link":"https:\/\/encuentroinformativo.com.mx\/?p=38738","title":{"rendered":"Presumen afiliaci\u00f3n de militantes a Fuerza por M\u00e9xico"},"content":{"rendered":"\n<p><strong>Dar\u00edo Pale <\/strong><\/p>\n\n\n\n<p>Xalapa, Ver.- El presidente del Comit\u00e9 Estatal de Fuerza por M\u00e9xico Veracruz, Eduardo &#8216;Tato&#8217; Vega, destac\u00f3 que aunque FXMV tuvo un proceso de afiliaci\u00f3n m\u00e1s corto que otros partidos, el hecho no impidi\u00f3 que el partido lograr\u00e1 afiliar a m\u00e1s de 25 mil personas en 140 municipios, adem\u00e1s estuvo presente la dirigente Nacional de FXM, Maiella G\u00f3mez.<\/p>\n\n\n\n<p>En conferencia de prensa precis\u00f3 que el partido junto con sus grupos aliados como Redes Sociales Progresistas y Encuentro Solidario han logrado ser uno de los bloques m\u00e1s importante previo a la elecci\u00f3n pues juntos suman m\u00e1s de 254 mil 400 votos del 2021.<\/p>\n\n\n\n<p>Igualmente, insisti\u00f3 en que FXMV esperar\u00e1 la resoluci\u00f3n de la Sala Regional del TEV, &#8220;no nos vamos a dejar, y vamos hacer valer el derecho que como partido tenemos por qu\u00e9 a\u00fan hay mucha gente que est\u00e1 interesada en permanecer en este bloque&#8221;, resalt\u00f3.<\/p>\n\n\n\n<p>En otro orden de ideas coment\u00f3 que interpusieron un recurso de impugnaci\u00f3n ante el Tribunal Electoral de Veracruz (TEV) en contra del el Organismo P\u00fablico Local Electoral (OPLE) toda vez que omiti\u00f3 notificarle al partido sobre el inicio del proceso de afiliaci\u00f3n que inicia en noviembre del 2022, por lo que el ente electoral por una falta de atenci\u00f3n les inform\u00f3 sobre el proceso 45 d\u00edas antes de que finalizar\u00e1.<\/p>\n\n\n\n<p>&#8220;Por su omisi\u00f3n perdimos m\u00e1s de 100 d\u00edas de un proceso de afiliaci\u00f3n partidista. Con el recurso que interpuso confiamos en que el TEV nos dar\u00e1 la raz\u00f3n y nos devolver\u00e1 los d\u00edas que nos quitaron&#8221;, se\u00f1al\u00f3.<\/p>\n\n\n\n<p>Finalmente Tato Vega, fue cuestionado sobre si buscar\u00e1 ir en alianza durante el proceso electoral del 2024, con Morena &#8220;no lo descarto pero vamos a esperar los tiempos y tambi\u00e9n escucharemos las voces de la militancia que son parte fundamental&#8221;.<\/p>\n","protected":false},"excerpt":{"rendered":"<p>Dar\u00edo Pale Xalapa, Ver.- El presidente del Comit\u00e9 Estatal de Fuerza por M\u00e9xico Veracruz, Eduardo &#8216;Tato&#8217; Vega, destac\u00f3 que aunque FXMV tuvo un proceso de afiliaci\u00f3n m\u00e1s corto que otros partidos, el hecho no impidi\u00f3 que el partido lograr\u00e1 afiliar a m\u00e1s de 25 mil personas en 140 municipios, adem\u00e1s estuvo presente la dirigente Nacional [&hellip;]<\/p>\n","protected":false},"author":2476,"featured_media":38739,"comment_status":"open","ping_status":"open","sticky":false,"template":"","format":"standard","meta":{"_jetpack_memberships_contains_paid_content":false,"footnotes":""},"categories":[2],"tags":[],"class_list":["post-38738","post","type-post","status-publish","format-standard","has-post-thumbnail","hentry","category-estado"],"jetpack_featured_media_url":"https:\/\/encuentroinformativo.com.mx\/wp-content\/uploads\/2023\/04\/IMG-20230401-WA00622.jpg","jetpack_sharing_enabled":true,"jetpack_likes_enabled":true,"amp_enabled":true,"_links":{"self":[{"href":"https:\/\/encuentroinformativo.com.mx\/index.php?rest_route=\/wp\/v2\/posts\/38738","targetHints":{"allow":["GET"]}}],"collection":[{"href":"https:\/\/encuentroinformativo.com.mx\/index.php?rest_route=\/wp\/v2\/posts"}],"about":[{"href":"https:\/\/encuentroinformativo.com.mx\/index.php?rest_route=\/wp\/v2\/types\/post"}],"author":[{"embeddable":true,"href":"https:\/\/encuentroinformativo.com.mx\/index.php?rest_route=\/wp\/v2\/users\/2476"}],"replies":[{"embeddable":true,"href":"https:\/\/encuentroinformativo.com.mx\/index.php?rest_route=%2Fwp%2Fv2%2Fcomments&post=38738"}],"version-history":[{"count":1,"href":"https:\/\/encuentroinformativo.com.mx\/index.php?rest_route=\/wp\/v2\/posts\/38738\/revisions"}],"predecessor-version":[{"id":38740,"href":"https:\/\/encuentroinformativo.com.mx\/index.php?rest_route=\/wp\/v2\/posts\/38738\/revisions\/38740"}],"wp:featuredmedia":[{"embeddable":true,"href":"https:\/\/encuentroinformativo.com.mx\/index.php?rest_route=\/wp\/v2\/media\/38739"}],"wp:attachment":[{"href":"https:\/\/encuentroinformativo.com.mx\/index.php?rest_route=%2Fwp%2Fv2%2Fmedia&parent=38738"}],"wp:term":[{"taxonomy":"category","embeddable":true,"href":"https:\/\/encuentroinformativo.com.mx\/index.php?rest_route=%2Fwp%2Fv2%2Fcategories&post=38738"},{"taxonomy":"post_tag","embeddable":true,"href":"https:\/\/encuentroinformativo.com.mx\/index.php?rest_route=%2Fwp%2Fv2%2Ftags&post=38738"}],"curies":[{"name":"wp","href":"https:\/\/api.w.org\/{rel}","templated":true}]}}