{"id":38744,"date":"2023-04-01T15:21:27","date_gmt":"2023-04-01T21:21:27","guid":{"rendered":"https:\/\/encuentroinformativo.com.mx\/?p=38744"},"modified":"2023-04-01T15:21:31","modified_gmt":"2023-04-01T21:21:31","slug":"aumentan-jubilaciones-de-academicos-en-la-uv","status":"publish","type":"post","link":"https:\/\/encuentroinformativo.com.mx\/?p=38744","title":{"rendered":"Aumentan jubilaciones de acad\u00e9micos en la UV"},"content":{"rendered":"\n<p><strong>Dar\u00edo Pale <\/strong><\/p>\n\n\n\n<p>Xalapa, Ver &#8211; Crecieron jubilaciones de acad\u00e9micos en la Universidad Veracruzana por pandemia, as\u00ed lo inform\u00f3 el Rector de la m\u00e1xima casa de estudios Mart\u00edn Aguilar S\u00e1nchez y por otra parte el secretario general del Sindicato Estatal del Personal Acad\u00e9mico de la Universidad Veracruzana (Fesapauv), Enrique Levet Gorozpe dijo que adem\u00e1s se han pagado 64 millones de pesos y est\u00e1n en espera otros por una suma similar.<\/p>\n\n\n\n<p>En entrevista el rector de la Universidad Veracruzana (UV), reconoci\u00f3 que derivado del impacto de la pandemia el n\u00famero de jubilaciones de acad\u00e9micos se increment\u00f3, explic\u00f3 que las jubilaciones no se pueden pagar inmediatamente, se tiene que hacer un calendario e ir avanzando en ello.<\/p>\n\n\n\n<p>Asegur\u00f3 que ya comenzaron a avanzar en el pago de esas jubilaciones, pero se est\u00e1 haciendo de una manera ordenada.\u00a0<\/p>\n\n\n\n<p>Por su parte, el secretario general del Fesapauv Levet Gorozpe, manifest\u00f3 que a trav\u00e9s de la Secretar\u00eda del Interior, &#8220;en este periodo se pagaron m\u00e1s de 64 millones de pesos de liquidaciones y todav\u00eda nos quedaron algunos pendientes que pueden alcanzar una suma similar&#8221;.<\/p>\n\n\n\n<p>Asever\u00f3 que cada vez m\u00e1s se est\u00e1n jubilando los acad\u00e9micos, es decir, muchos acad\u00e9micos est\u00e1n en &#8220;la recta final para el retiro&#8221;, lo que significa que habr\u00e1 la necesidad de hacer liquidaciones.<\/p>\n\n\n\n<p>Reconoci\u00f3 el esfuerzo de las autoridades universitarias, ya que lo que se busca es que se hagan las liquidaciones al momento del retiro, sin embargo, las cantidades son bastante grandes y no est\u00e1n consideradas en el presupuesto de la Universidad.<\/p>\n\n\n\n<p>Por ello, consider\u00f3 que debe haber una partida de previsi\u00f3n para dicho concepto, ya que se trata de un beneficio para los acad\u00e9micos.<\/p>\n\n\n\n<p>Por \u00faltimo en ese sentido, coment\u00f3 que al interior de la Confederaci\u00f3n Nacional de Trabajadores Universitarios (CONTU) se busca impulsar que cuando se apruebe el Presupuesto de Egresos de la Federaci\u00f3n (PEF), ya vaya inclu\u00eddo ese tema.<\/p>\n","protected":false},"excerpt":{"rendered":"<p>Dar\u00edo Pale Xalapa, Ver &#8211; Crecieron jubilaciones de acad\u00e9micos en la Universidad Veracruzana por pandemia, as\u00ed lo inform\u00f3 el Rector de la m\u00e1xima casa de estudios Mart\u00edn Aguilar S\u00e1nchez y por otra parte el secretario general del Sindicato Estatal del Personal Acad\u00e9mico de la Universidad Veracruzana (Fesapauv), Enrique Levet Gorozpe dijo que adem\u00e1s se han [&hellip;]<\/p>\n","protected":false},"author":2476,"featured_media":30775,"comment_status":"open","ping_status":"open","sticky":false,"template":"","format":"standard","meta":{"_jetpack_memberships_contains_paid_content":false,"footnotes":""},"categories":[2],"tags":[],"class_list":["post-38744","post","type-post","status-publish","format-standard","has-post-thumbnail","hentry","category-estado"],"jetpack_featured_media_url":"https:\/\/encuentroinformativo.com.mx\/wp-content\/uploads\/2022\/08\/48D251C5-88D0-42DB-89D1-505A6026C155.jpeg","jetpack_sharing_enabled":true,"jetpack_likes_enabled":true,"amp_enabled":true,"_links":{"self":[{"href":"https:\/\/encuentroinformativo.com.mx\/index.php?rest_route=\/wp\/v2\/posts\/38744","targetHints":{"allow":["GET"]}}],"collection":[{"href":"https:\/\/encuentroinformativo.com.mx\/index.php?rest_route=\/wp\/v2\/posts"}],"about":[{"href":"https:\/\/encuentroinformativo.com.mx\/index.php?rest_route=\/wp\/v2\/types\/post"}],"author":[{"embeddable":true,"href":"https:\/\/encuentroinformativo.com.mx\/index.php?rest_route=\/wp\/v2\/users\/2476"}],"replies":[{"embeddable":true,"href":"https:\/\/encuentroinformativo.com.mx\/index.php?rest_route=%2Fwp%2Fv2%2Fcomments&post=38744"}],"version-history":[{"count":1,"href":"https:\/\/encuentroinformativo.com.mx\/index.php?rest_route=\/wp\/v2\/posts\/38744\/revisions"}],"predecessor-version":[{"id":38745,"href":"https:\/\/encuentroinformativo.com.mx\/index.php?rest_route=\/wp\/v2\/posts\/38744\/revisions\/38745"}],"wp:featuredmedia":[{"embeddable":true,"href":"https:\/\/encuentroinformativo.com.mx\/index.php?rest_route=\/wp\/v2\/media\/30775"}],"wp:attachment":[{"href":"https:\/\/encuentroinformativo.com.mx\/index.php?rest_route=%2Fwp%2Fv2%2Fmedia&parent=38744"}],"wp:term":[{"taxonomy":"category","embeddable":true,"href":"https:\/\/encuentroinformativo.com.mx\/index.php?rest_route=%2Fwp%2Fv2%2Fcategories&post=38744"},{"taxonomy":"post_tag","embeddable":true,"href":"https:\/\/encuentroinformativo.com.mx\/index.php?rest_route=%2Fwp%2Fv2%2Ftags&post=38744"}],"curies":[{"name":"wp","href":"https:\/\/api.w.org\/{rel}","templated":true}]}}