{"id":38752,"date":"2023-04-01T15:36:17","date_gmt":"2023-04-01T21:36:17","guid":{"rendered":"https:\/\/encuentroinformativo.com.mx\/?p=38752"},"modified":"2023-04-01T15:36:21","modified_gmt":"2023-04-01T21:36:21","slug":"por-vacaciones-intensificaran-vigilancia-en-escuelas-sev","status":"publish","type":"post","link":"https:\/\/encuentroinformativo.com.mx\/?p=38752","title":{"rendered":"Por vacaciones, intensificar\u00e1n vigilancia en escuelas: SEV"},"content":{"rendered":"\n<p><strong>Dar\u00edo Pale<\/strong><\/p>\n\n\n\n<p>Xalapa, Ver.- El titular de la Secretar\u00eda de Educaci\u00f3n de Veracruz (SEV), Zenyazen Escobar Garc\u00eda dio a conocer que se reforzar\u00e1 la vigilancia en escuelas para evitar robos durante vacaciones de Semana Santa.<\/p>\n\n\n\n<p>En entrevista previo a la rodada en \u00darsulo Galvan coment\u00f3 que la SEV se coordin\u00f3 con la Secretar\u00eda de Seguridad P\u00fablica para reforzar la vigilancia en las escuelas con mayor riesgo de robos durante las vacaciones de Semana Santa.<\/p>\n\n\n\n<p>Escobar Garc\u00eda precis\u00f3 que los puntos rojos con riesgo de inseguridad en los planteles se encuentran en los municipios de Boca del R\u00edo, Veracruz, Medell\u00edn, Coatzacoalcos y Xalapa.<\/p>\n\n\n\n<p>&#8220;Estamos coordinados con el secretario de Seguridad P\u00fablica para estar m\u00e1s atentos a los puntos rojos donde se sabe que hemos detectado ciertas escuelas que peligran en este periodo vacacional&#8221;, se\u00f1alo.<\/p>\n\n\n\n<p>Por \u00faltimo a los padres de familia les recomend\u00f3 que aprovechen este tiempo para convivir con sus hijos y hagan actividades l\u00fadicas.<\/p>\n","protected":false},"excerpt":{"rendered":"<p>Dar\u00edo Pale Xalapa, Ver.- El titular de la Secretar\u00eda de Educaci\u00f3n de Veracruz (SEV), Zenyazen Escobar Garc\u00eda dio a conocer que se reforzar\u00e1 la vigilancia en escuelas para evitar robos durante vacaciones de Semana Santa. En entrevista previo a la rodada en \u00darsulo Galvan coment\u00f3 que la SEV se coordin\u00f3 con la Secretar\u00eda de Seguridad [&hellip;]<\/p>\n","protected":false},"author":2476,"featured_media":17429,"comment_status":"open","ping_status":"open","sticky":false,"template":"","format":"standard","meta":{"_jetpack_memberships_contains_paid_content":false,"footnotes":""},"categories":[2],"tags":[],"class_list":["post-38752","post","type-post","status-publish","format-standard","has-post-thumbnail","hentry","category-estado"],"jetpack_featured_media_url":"https:\/\/encuentroinformativo.com.mx\/wp-content\/uploads\/2021\/08\/BA16A34D-A26E-472E-B91F-10E6AA7855AC.jpeg","jetpack_sharing_enabled":true,"jetpack_likes_enabled":true,"amp_enabled":true,"_links":{"self":[{"href":"https:\/\/encuentroinformativo.com.mx\/index.php?rest_route=\/wp\/v2\/posts\/38752","targetHints":{"allow":["GET"]}}],"collection":[{"href":"https:\/\/encuentroinformativo.com.mx\/index.php?rest_route=\/wp\/v2\/posts"}],"about":[{"href":"https:\/\/encuentroinformativo.com.mx\/index.php?rest_route=\/wp\/v2\/types\/post"}],"author":[{"embeddable":true,"href":"https:\/\/encuentroinformativo.com.mx\/index.php?rest_route=\/wp\/v2\/users\/2476"}],"replies":[{"embeddable":true,"href":"https:\/\/encuentroinformativo.com.mx\/index.php?rest_route=%2Fwp%2Fv2%2Fcomments&post=38752"}],"version-history":[{"count":1,"href":"https:\/\/encuentroinformativo.com.mx\/index.php?rest_route=\/wp\/v2\/posts\/38752\/revisions"}],"predecessor-version":[{"id":38753,"href":"https:\/\/encuentroinformativo.com.mx\/index.php?rest_route=\/wp\/v2\/posts\/38752\/revisions\/38753"}],"wp:featuredmedia":[{"embeddable":true,"href":"https:\/\/encuentroinformativo.com.mx\/index.php?rest_route=\/wp\/v2\/media\/17429"}],"wp:attachment":[{"href":"https:\/\/encuentroinformativo.com.mx\/index.php?rest_route=%2Fwp%2Fv2%2Fmedia&parent=38752"}],"wp:term":[{"taxonomy":"category","embeddable":true,"href":"https:\/\/encuentroinformativo.com.mx\/index.php?rest_route=%2Fwp%2Fv2%2Fcategories&post=38752"},{"taxonomy":"post_tag","embeddable":true,"href":"https:\/\/encuentroinformativo.com.mx\/index.php?rest_route=%2Fwp%2Fv2%2Ftags&post=38752"}],"curies":[{"name":"wp","href":"https:\/\/api.w.org\/{rel}","templated":true}]}}