{"id":3876,"date":"2020-07-06T10:24:02","date_gmt":"2020-07-06T15:24:02","guid":{"rendered":"https:\/\/encuentroinformativo.com\/?p=3876"},"modified":"2020-07-06T10:24:05","modified_gmt":"2020-07-06T15:24:05","slug":"ivm-invisible","status":"publish","type":"post","link":"https:\/\/encuentroinformativo.com.mx\/?p=3876","title":{"rendered":"IVM Invisible"},"content":{"rendered":"\n<p><strong>N\u00fameros Rojos<\/strong><\/p>\n\n\n\n<p><strong>Brenda Caballero<\/strong><br><\/p>\n\n\n\n<p>Pens\u00e9 que era mi percepci\u00f3n, pero no. Para disminuir la violencia de g\u00e9nero no basta poner en todas las dependencias a mujeres como titulares, cuando la principal dependencia que debe trabajar por ellas, el Instituto Veracruzano de las Mujeres, no presenta acciones o pol\u00edticas p\u00fablicas en beneficio de m\u00e1s de 4 millones de mujeres que somos en el estado de Veracruz, y m\u00e1s en tiempos de Covid-19, cuando la violencia intrafamiliar, feminicidios y trata de personas suman m\u00e1s casos en el estado, siendo Veracruz de los estados que \u201clideran\u201d en el pa\u00eds.<\/p>\n\n\n\n<p>Al ingresar a la p\u00e1gina <a href=\"http:\/\/www.ivermujeres.gob.mx\/\" target=\"_blank\" rel=\"noreferrer noopener\">http:\/\/www.ivermujeres.gob.mx\/<\/a>&nbsp; llama la atenci\u00f3n que tiene como informaci\u00f3n principal&nbsp; fotos de actividades realizadas en enero y febrero del 2020. Entiendo que la pandemia mand\u00f3 a muchos trabajadores a casa que son vulnerables, pero m\u00ednimo deber\u00edan actualizar las fotos mostrando sana distancia o la portaci\u00f3n del cubrebocas en las reuniones que presentan&#8230; \u00a1Momento! \u00bfMe habr\u00e9 equivocado de portal de internet y estoy escribiendo informaci\u00f3n falsa? Tristemente no. Vuelvo a revisar y es la direcci\u00f3n electr\u00f3nica del Instituto que debe atender a las Mujeres en Veracruz.<\/p>\n\n\n\n<p>Apenas en la parte inferior del portal se pueden ver algunos tel\u00e9fonos para reportar violencia contra las mujeres o contra la trata de personas. Y por all\u00e1 en un cuadrito peque\u00f1o el n\u00famero 075, la l\u00ednea de la mujer. \u00a1Vaya! ni siquiera est\u00e1 cargado el Programa Anual de Trabajo 2020.<\/p>\n\n\n\n<p>Usted habr\u00e1 de disculpar lo que voy a decir, pero para im\u00e1genes con n\u00fameros de emergencia cualquiera de nosotros los podemos subir a redes sociales o a nuestro blog.<\/p>\n\n\n\n<p>En una palabra, es una dependencia Invisible. No se ve el trabajo del organismo, el cual tiene como misi\u00f3n \u201cPromover, fomentar e instrumentar las condiciones que posibiliten una cultura de igualdad de g\u00e9nero que elimine los obst\u00e1culos para el pleno goce de sus derechos e implementar pol\u00edticas p\u00fablicas que favorezcan el desarrollo integral de las mujeres\u201d. \u00bfAcaso no interesan las mujeres a este gobierno?&nbsp;<\/p>\n\n\n\n<p>El argumento puede ser que hay trabajo que se est\u00e1 realizando, pero que no est\u00e1 actualizada la p\u00e1gina. \u00a1Carajo! \u00bfQu\u00e9 esperan entonces para actualizarla?&nbsp;<\/p>\n\n\n\n<p>Por morbo, busco p\u00e1ginas de otros estados: La Secretar\u00eda de las Mujeres en la Ciudad de M\u00e9xico, con bastante informaci\u00f3n actualizada. Ya s\u00e9, ya s\u00e9 \u00a1Es Secretar\u00eda y tiene mayor presupuesto! \u00a1Pues busquen ser Secretar\u00eda! Veracruz tiene todos los argumentos y los tristes n\u00fameros para poder serlo.<\/p>\n\n\n\n<p>Si usted busca en Google los Institutos de la Mujer en diversos estados como Oaxaca, San Luis Potos\u00ed, Morelos, por mencionar algunos, podr\u00e1 darse cuenta que han emprendido diversas acciones en estos tiempos de confinamiento, como conferencias a trav\u00e9s de plataformas, cursos en l\u00ednea y hasta pel\u00edculas sobre g\u00e9nero. \u00bfY Veracruz? \u00a1Bien gracias! \u00bfC\u00f3mo esperan que bajen las cifras de violencia contra las mujeres si no se ve que trabajen para ello?<\/p>\n\n\n\n<p>Cu\u00e1nta raz\u00f3n tiene la diputada Nora Jesicca Lagunes J\u00e1uregui al decir que urge la convocatoria para designar al titular del IVM pues en junio, el Instituto cumpli\u00f3 14 meses con una encargada.&nbsp;<\/p>\n\n\n\n<p>Esto solo indica que en Veracruz no importa la violencia que se ejerza contra mujeres y ni\u00f1as. \u00bfY as\u00ed quieren que bajen los feminicidios?<br><\/p>\n\n\n\n<p>@NumerosRojos_BC<\/p>\n\n\n\n<p><a href=\"mailto:caballero_brenda@hotmail.com\" target=\"_blank\" rel=\"noreferrer noopener\">caballero_brenda@hotmail.com<\/a><\/p>\n","protected":false},"excerpt":{"rendered":"<p>N\u00fameros Rojos Brenda Caballero Pens\u00e9 que era mi percepci\u00f3n, pero no. Para disminuir la violencia de g\u00e9nero no basta poner en todas las dependencias a mujeres como titulares, cuando la principal dependencia que debe trabajar por ellas, el Instituto Veracruzano de las Mujeres, no presenta acciones o pol\u00edticas p\u00fablicas en beneficio de m\u00e1s de 4 [&hellip;]<\/p>\n","protected":false},"author":1,"featured_media":387,"comment_status":"open","ping_status":"open","sticky":false,"template":"","format":"standard","meta":{"_jetpack_memberships_contains_paid_content":false,"footnotes":""},"categories":[11],"tags":[],"class_list":["post-3876","post","type-post","status-publish","format-standard","has-post-thumbnail","hentry","category-opinion"],"jetpack_featured_media_url":"https:\/\/encuentroinformativo.com.mx\/wp-content\/uploads\/2020\/03\/7CF8A22B-2764-47BE-8F7F-38FE9E5D6A2F.jpeg","jetpack_sharing_enabled":true,"jetpack_likes_enabled":true,"amp_enabled":true,"_links":{"self":[{"href":"https:\/\/encuentroinformativo.com.mx\/index.php?rest_route=\/wp\/v2\/posts\/3876","targetHints":{"allow":["GET"]}}],"collection":[{"href":"https:\/\/encuentroinformativo.com.mx\/index.php?rest_route=\/wp\/v2\/posts"}],"about":[{"href":"https:\/\/encuentroinformativo.com.mx\/index.php?rest_route=\/wp\/v2\/types\/post"}],"author":[{"embeddable":true,"href":"https:\/\/encuentroinformativo.com.mx\/index.php?rest_route=\/wp\/v2\/users\/1"}],"replies":[{"embeddable":true,"href":"https:\/\/encuentroinformativo.com.mx\/index.php?rest_route=%2Fwp%2Fv2%2Fcomments&post=3876"}],"version-history":[{"count":1,"href":"https:\/\/encuentroinformativo.com.mx\/index.php?rest_route=\/wp\/v2\/posts\/3876\/revisions"}],"predecessor-version":[{"id":3877,"href":"https:\/\/encuentroinformativo.com.mx\/index.php?rest_route=\/wp\/v2\/posts\/3876\/revisions\/3877"}],"wp:featuredmedia":[{"embeddable":true,"href":"https:\/\/encuentroinformativo.com.mx\/index.php?rest_route=\/wp\/v2\/media\/387"}],"wp:attachment":[{"href":"https:\/\/encuentroinformativo.com.mx\/index.php?rest_route=%2Fwp%2Fv2%2Fmedia&parent=3876"}],"wp:term":[{"taxonomy":"category","embeddable":true,"href":"https:\/\/encuentroinformativo.com.mx\/index.php?rest_route=%2Fwp%2Fv2%2Fcategories&post=3876"},{"taxonomy":"post_tag","embeddable":true,"href":"https:\/\/encuentroinformativo.com.mx\/index.php?rest_route=%2Fwp%2Fv2%2Ftags&post=3876"}],"curies":[{"name":"wp","href":"https:\/\/api.w.org\/{rel}","templated":true}]}}