{"id":38767,"date":"2023-04-02T14:23:08","date_gmt":"2023-04-02T20:23:08","guid":{"rendered":"https:\/\/encuentroinformativo.com.mx\/?p=38767"},"modified":"2023-04-02T14:23:12","modified_gmt":"2023-04-02T20:23:12","slug":"participan-familias-en-caminata-por-dia-mundial-de-concienciacion-del-autismo","status":"publish","type":"post","link":"https:\/\/encuentroinformativo.com.mx\/?p=38767","title":{"rendered":"Participan familias en caminata por D\u00eda Mundial de Concienciaci\u00f3n del Autismo"},"content":{"rendered":"\n<p><strong>Juan Arcos <\/strong><\/p>\n\n\n\n<p>Xalapa, Ver.- Decenas de familias participaron en la caminata por el D\u00eda Mundial de Concienciaci\u00f3n del Autismo en esta ciudad de Xalapa, durante este domingo 2 de abril.<\/p>\n\n\n\n<p>Las personas se concentraron afuera del Teatro del Estado \u201cIgnacio de la Llave\u201d y despu\u00e9s caminaron hacia el parque Benito Ju\u00e1rez, en la zona centro de esta capital veracruzana.<br>De acuerdo con Janeth D\u00edaz, mam\u00e1 de un adolescente con Trastorno de Espectro Autista (TEA), esta condici\u00f3n ha aumentado durante los \u00faltimos a\u00f1os y se ha hecho m\u00e1s visible.<\/p>\n\n\n\n<p>\u201c\u00daltimamente han sido m\u00e1s visibles los casos. Aparentemente no, pero conforme vamos avanzando y vamos conociendo m\u00e1s casos, nos damos cuenta de que hay m\u00e1s personas con autismo de las que creemos\u201d, expres\u00f3.<\/p>\n\n\n\n<p>Sin embargo, el gobierno federal y estatal a\u00fan no ha elaborado un padr\u00f3n de personas con autismo, a pesar de que diversas organizaciones civiles lo han solicitado por a\u00f1os, para la creaci\u00f3n de un plan de trabajo.<\/p>\n\n\n\n<p>\u201cNecesitamos el padr\u00f3n para que hubiera un plan de trabajo, tanto para instituciones educativas como instituciones de gobierno porque no todos son ni\u00f1os, hay adolescentes, hay personas adultas\u201d, enfatiz\u00f3.<\/p>\n\n\n\n<p>La entrevistada consider\u00f3 que las personas con autismo a\u00fan padecen discriminaci\u00f3n, pues son rechazados en la sociedad por su condici\u00f3n.<\/p>\n\n\n\n<p>\u201cDesafortunadamente los humanos rechazamos lo que es diferente a nosotros, lo que no se comporta como nosotros lo hacemos a un lado. A lo mejor es momento de que las personas se pregunten si no les gustaba mucho socializar, si les cuesta expresar sus emociones, a lo mejor pudieran estar dentro del trastorno porque antes no hab\u00eda tanta informaci\u00f3n\u201d, agreg\u00f3.<\/p>\n\n\n\n<p>Tambi\u00e9n enfatiz\u00f3 que en el estado de Veracruz existe la Ley para la Atenci\u00f3n, Protecci\u00f3n e Inclusi\u00f3n para Personas con Autismo pero no puede aplicarse porque carece de un reglamento.<\/p>\n\n\n\n<p>\u201cYa est\u00e1 la ley, lo que hace falta es que se haga el reglamento. Ser\u00eda importante que el gobernador Cuitl\u00e1huac Garc\u00eda Jim\u00e9nez ya no dejara pasar m\u00e1s tiempo\u201d, declar\u00f3 Janeth D\u00edaz.<\/p>\n","protected":false},"excerpt":{"rendered":"<p>Juan Arcos Xalapa, Ver.- Decenas de familias participaron en la caminata por el D\u00eda Mundial de Concienciaci\u00f3n del Autismo en esta ciudad de Xalapa, durante este domingo 2 de abril. Las personas se concentraron afuera del Teatro del Estado \u201cIgnacio de la Llave\u201d y despu\u00e9s caminaron hacia el parque Benito Ju\u00e1rez, en la zona centro [&hellip;]<\/p>\n","protected":false},"author":2476,"featured_media":38768,"comment_status":"open","ping_status":"open","sticky":false,"template":"","format":"standard","meta":{"_jetpack_memberships_contains_paid_content":false,"footnotes":""},"categories":[3],"tags":[],"class_list":["post-38767","post","type-post","status-publish","format-standard","has-post-thumbnail","hentry","category-xalapa"],"jetpack_featured_media_url":"https:\/\/encuentroinformativo.com.mx\/wp-content\/uploads\/2023\/04\/41811674-3665-4263-bfc0-dc2d25ebd5a1.jpg","jetpack_sharing_enabled":true,"jetpack_likes_enabled":true,"amp_enabled":true,"_links":{"self":[{"href":"https:\/\/encuentroinformativo.com.mx\/index.php?rest_route=\/wp\/v2\/posts\/38767","targetHints":{"allow":["GET"]}}],"collection":[{"href":"https:\/\/encuentroinformativo.com.mx\/index.php?rest_route=\/wp\/v2\/posts"}],"about":[{"href":"https:\/\/encuentroinformativo.com.mx\/index.php?rest_route=\/wp\/v2\/types\/post"}],"author":[{"embeddable":true,"href":"https:\/\/encuentroinformativo.com.mx\/index.php?rest_route=\/wp\/v2\/users\/2476"}],"replies":[{"embeddable":true,"href":"https:\/\/encuentroinformativo.com.mx\/index.php?rest_route=%2Fwp%2Fv2%2Fcomments&post=38767"}],"version-history":[{"count":1,"href":"https:\/\/encuentroinformativo.com.mx\/index.php?rest_route=\/wp\/v2\/posts\/38767\/revisions"}],"predecessor-version":[{"id":38769,"href":"https:\/\/encuentroinformativo.com.mx\/index.php?rest_route=\/wp\/v2\/posts\/38767\/revisions\/38769"}],"wp:featuredmedia":[{"embeddable":true,"href":"https:\/\/encuentroinformativo.com.mx\/index.php?rest_route=\/wp\/v2\/media\/38768"}],"wp:attachment":[{"href":"https:\/\/encuentroinformativo.com.mx\/index.php?rest_route=%2Fwp%2Fv2%2Fmedia&parent=38767"}],"wp:term":[{"taxonomy":"category","embeddable":true,"href":"https:\/\/encuentroinformativo.com.mx\/index.php?rest_route=%2Fwp%2Fv2%2Fcategories&post=38767"},{"taxonomy":"post_tag","embeddable":true,"href":"https:\/\/encuentroinformativo.com.mx\/index.php?rest_route=%2Fwp%2Fv2%2Ftags&post=38767"}],"curies":[{"name":"wp","href":"https:\/\/api.w.org\/{rel}","templated":true}]}}