{"id":38793,"date":"2023-04-03T11:44:20","date_gmt":"2023-04-03T17:44:20","guid":{"rendered":"https:\/\/encuentroinformativo.com.mx\/?p=38793"},"modified":"2023-04-03T11:44:24","modified_gmt":"2023-04-03T17:44:24","slug":"denuncian-cobro-excesivo-en-palapa-de-boca-del-rio","status":"publish","type":"post","link":"https:\/\/encuentroinformativo.com.mx\/?p=38793","title":{"rendered":"Denuncian cobro excesivo en palapa de Boca del R\u00edo"},"content":{"rendered":"\n<p><strong>Alejandro \u00c1vila<\/strong><\/p>\n\n\n\n<p>Boca del R\u00edo, Ver.- La usuaria de <em>Facebook<\/em>, Marlene Cobos Dom\u00ednguez denunci\u00f3 a la due\u00f1a de la palapa Chaly, ubicada sobre la playa del bulevar Vicente Fox en la cabecera municipal de Boca del R\u00edo.<\/p>\n\n\n\n<p>La joven relat\u00f3 que acudi\u00f3 junto con unas amigas la tarde de este domingo a la playa, fue abordada por un trabajador que le ofreci\u00f3 silla y mesa gratuita, solo consumiendo en el lugar.<\/p>\n\n\n\n<p><em>A los pocos minutos el joven llega y nos muestra la carta, a lo que procedimos a pedir lo qu\u00e9 fueron 2 Cheladas con precio en carta de $100 pesos c\/u , 2 pi\u00f1as chamoyadas con precio en carta de $120 c\/u y una Michelada con precio en carta de $100 pesos. Fue todo lo qu\u00e9 pedimos para consumir y poder hacer uso de la mesa y la sombrilla.<\/em><br><br><em>Al pedir la cuenta al joven qu\u00e9 nos atendi\u00f3 este se nos acerc\u00f3 con un papelito blanco en el cual ven\u00eda la cuenta y hacia un TOTAL DE $800 PESOS m\u00e1s $80 pesos por el servicio.. A lo que le comentamos al mesero qu\u00e9 hab\u00eda un error ya qu\u00e9 la carta que nos mostr\u00f3 al llegar\u00a0 con los precio referidos hac\u00edan un TOTAL de $540, a lo que el joven nos comenta qu\u00e9 hubo un peque\u00f1o problema, ya que el apenas ten\u00eda 2 d\u00edas de haber entrado a trabajar ah\u00ed y qu\u00e9 la carta que nos mostr\u00f3 era con precios del a\u00f1o pasado, a lo qu\u00e9 nosotros le dijimos qu\u00e9 esa no era culpa de nosotros, y pedimos le hablar\u00e1 a la encargada o due\u00f1a de la Palapa, por lo qu\u00e9 poco despu\u00e9s llega dicha se\u00f1ora y nos pregunta cu\u00e1l era el problema, y le hacemos saber lo mismo qu\u00e9 al joven qu\u00e9 nos atendi\u00f3, y su respuesta fue la misma: ES QUE HUBO UN PEQUE\u00d1O ERROR YA QUE EL JOVEN ES NUEVO TRABAJANDO AQU\u00cd Y LES DIO UNA CARTA CON PRECIOS DEL A\u00d1O PASADO.<\/em><\/p>\n\n\n\n<p>La afectada dijo que solicit\u00f3 a la due\u00f1a le mostrara ambas cartas, la anterior y la actualizada, sin embargo, esta le dijo que las hab\u00eda extraviado.<\/p>\n\n\n\n<p>Finalmente y tras haber tomado fotograf\u00edas de las dos cartas, pagaron la cuenta de 880 pesos, y adem\u00e1s de la publicaci\u00f3n en <em>Facebook<\/em>, mencionaron que este lunes acudir\u00edan al Ayuntamiento de Boca del R\u00edo para denunciar la situaci\u00f3n a trav\u00e9s de la direcci\u00f3n de Comercio.<\/p>\n\n\n\n<p><em>Tampoco es justo qu\u00e9 ahorita que es temporada donde llega mucho TURISMO al municipio se vayan con un amargo sabor de boca por no decir ROBADOS, por qu\u00e9 eso que hacen es un ROBO aqu\u00ed y en CHINA. As\u00ed espero qu\u00e9 la persona encargada del Departamento de Comercio tome cartas en el asunto. Anexo a mi queja fotos de las cartas y de la persona encargada y de la Palapa nombrada CHALY.<\/em><\/p>\n","protected":false},"excerpt":{"rendered":"<p>Alejandro \u00c1vila Boca del R\u00edo, Ver.- La usuaria de Facebook, Marlene Cobos Dom\u00ednguez denunci\u00f3 a la due\u00f1a de la palapa Chaly, ubicada sobre la playa del bulevar Vicente Fox en la cabecera municipal de Boca del R\u00edo. La joven relat\u00f3 que acudi\u00f3 junto con unas amigas la tarde de este domingo a la playa, fue [&hellip;]<\/p>\n","protected":false},"author":2476,"featured_media":38794,"comment_status":"open","ping_status":"open","sticky":false,"template":"","format":"standard","meta":{"_jetpack_memberships_contains_paid_content":false,"footnotes":""},"categories":[2],"tags":[],"class_list":["post-38793","post","type-post","status-publish","format-standard","has-post-thumbnail","hentry","category-estado"],"jetpack_featured_media_url":"https:\/\/encuentroinformativo.com.mx\/wp-content\/uploads\/2023\/04\/IMG-20230403-WA01032.jpg","jetpack_sharing_enabled":true,"jetpack_likes_enabled":true,"amp_enabled":true,"_links":{"self":[{"href":"https:\/\/encuentroinformativo.com.mx\/index.php?rest_route=\/wp\/v2\/posts\/38793","targetHints":{"allow":["GET"]}}],"collection":[{"href":"https:\/\/encuentroinformativo.com.mx\/index.php?rest_route=\/wp\/v2\/posts"}],"about":[{"href":"https:\/\/encuentroinformativo.com.mx\/index.php?rest_route=\/wp\/v2\/types\/post"}],"author":[{"embeddable":true,"href":"https:\/\/encuentroinformativo.com.mx\/index.php?rest_route=\/wp\/v2\/users\/2476"}],"replies":[{"embeddable":true,"href":"https:\/\/encuentroinformativo.com.mx\/index.php?rest_route=%2Fwp%2Fv2%2Fcomments&post=38793"}],"version-history":[{"count":1,"href":"https:\/\/encuentroinformativo.com.mx\/index.php?rest_route=\/wp\/v2\/posts\/38793\/revisions"}],"predecessor-version":[{"id":38795,"href":"https:\/\/encuentroinformativo.com.mx\/index.php?rest_route=\/wp\/v2\/posts\/38793\/revisions\/38795"}],"wp:featuredmedia":[{"embeddable":true,"href":"https:\/\/encuentroinformativo.com.mx\/index.php?rest_route=\/wp\/v2\/media\/38794"}],"wp:attachment":[{"href":"https:\/\/encuentroinformativo.com.mx\/index.php?rest_route=%2Fwp%2Fv2%2Fmedia&parent=38793"}],"wp:term":[{"taxonomy":"category","embeddable":true,"href":"https:\/\/encuentroinformativo.com.mx\/index.php?rest_route=%2Fwp%2Fv2%2Fcategories&post=38793"},{"taxonomy":"post_tag","embeddable":true,"href":"https:\/\/encuentroinformativo.com.mx\/index.php?rest_route=%2Fwp%2Fv2%2Ftags&post=38793"}],"curies":[{"name":"wp","href":"https:\/\/api.w.org\/{rel}","templated":true}]}}