{"id":38796,"date":"2023-04-03T13:23:58","date_gmt":"2023-04-03T19:23:58","guid":{"rendered":"https:\/\/encuentroinformativo.com.mx\/?p=38796"},"modified":"2023-04-03T13:24:02","modified_gmt":"2023-04-03T19:24:02","slug":"se-deslinda-delegado-de-bienestar-de-regidor-denunciado-por-acoso","status":"publish","type":"post","link":"https:\/\/encuentroinformativo.com.mx\/?p=38796","title":{"rendered":"Se deslinda delegado de Bienestar de regidor denunciado por acoso"},"content":{"rendered":"\n<p><strong>Dar\u00edo Pale <\/strong><\/p>\n\n\n\n<p>Xalapa, Ver.- El incremento de cien mil mdp en pensiones, &#8220;no es electoral&#8221;, dem\u00e1s de que no conoce a Regidor de Veracruz, no conoce a fondo asunto, en su caso se\u00f1al\u00f3 que fue algo pol\u00edtico y tiene pruebas, as\u00ed lo coment\u00f3 el delegado de los programas federales, Manuel Huerta Ladr\u00f3n de Guevara.<\/p>\n\n\n\n<p>En conferencia de prensa adelant\u00f3 que para el pr\u00f3ximo a\u00f1o el presupuesto para las pensiones de los adultos mayores crecer\u00e1 en m\u00e1s de cien mil millones de pesos a nivel nacional, resalt\u00f3 que el pr\u00f3ximo a\u00f1o la pensi\u00f3n ser\u00e1 de 6 mil pesos porque aumentar\u00e1 otro 25 por ciento.<\/p>\n\n\n\n<p>&#8220;Esto qu\u00e9 implica, que con base en los precriterios de pol\u00edtica econ\u00f3mica que la C\u00e1mara de Disputados -que es la que debate el presupuesto -, que tenemos en este programa una prospectiva de crecimiento de m\u00e1s de cien mil millones de pesos para el pr\u00f3ximo a\u00f1o&#8221;, se\u00f1al\u00f3.<\/p>\n\n\n\n<p>&#8220;Esto significa que si este a\u00f1o estamos pagando 339 mil 341.4 millones de pesos, que es lo que consume el programa para este a\u00f1o a nivel nacional; tenemos este a\u00f1o y tendremos la proyecci\u00f3n para el 2024 que al subir cien mil millones de pesos, es una pol\u00edtica sustentada y hay presupuesto para este y el pr\u00f3ximo a\u00f1o&#8221;, agreg\u00f3.<\/p>\n\n\n\n<p>Cuestionado respecto de que ya este a\u00f1o es electoral y el pr\u00f3ximo habr\u00e1 proceso elecciones, respondi\u00f3 que &#8220;el le\u00f3n cree que todos son de su misma condici\u00f3n&#8221;.<\/p>\n\n\n\n<p>&#8220;F\u00edjate que el le\u00f3n cree que todos son de su misma condici\u00f3n y no lo digo por ti, pero lo digo para que vean que hay una transformaci\u00f3n, los programas est\u00e1n blindados, son universales y no se condicionan bajo ning\u00fan tipo que era lo que se hac\u00eda&#8221;, coment\u00f3.<\/p>\n\n\n\n<p>El Delegado dijo adem\u00e1s que en este momento no hay elecciones y aunque hablan de encuestas sobre las preferencias electorales, pidi\u00f3 que las presenten y saber qui\u00e9n las hace, presenten las metodolog\u00edas.<\/p>\n\n\n\n<p>Refiri\u00f3 que el pago bancarizado es para un mill\u00f3n 31 mil 530 adultos mayores, lo que da una inversi\u00f3n de 4 mil 951 millones de pesos en Veracruz, adem\u00e1s expuso que la migraci\u00f3n de las tarjetas bancarias de la banca comercial a la del Bienestar la meta es de 33 mil 277.<\/p>\n\n\n\n<p>Asimismo, ya est\u00e1n entregando el medio de cobro a aquellos que se inscribieron recientemente y ya puedan cobrar en el bimestre de mayo-junio.<\/p>\n\n\n\n<p>En otro orden de ideas, en relaci\u00f3n a las acusaciones contra el regidor de Veracruz, Sebasti\u00e1n Cano, por violencia sexual, dijo que no lo conoce, que no conoce a fondo el tema y refiri\u00f3 que en su caso, cuando fue se\u00f1alado de violaci\u00f3n sexual, se trat\u00f3 de un asunto pol\u00edtico.<\/p>\n\n\n\n<p>&#8220;No, (lo conoce), aunque me sacaron una foto con \u00e9l, yo me tomo muchas fotos. Son temas de escuchar y atender, a las mujeres se les debe escuchar y atender, mi caso cuando fui v\u00edctima de una infamia, porque no tengo otra caracter\u00edstica para decirlo, adem\u00e1s comprobado ante todas las instancias legales&#8230;es serio, se le resta credibilidad cuando alguien hace esa denuncia que en mi caso no fue&#8221;, acus\u00f3.<\/p>\n\n\n\n<p>Dijo que no conoc\u00eda el fondo del tema del Regidor y por lo tanto no quer\u00eda opinar, pero en su caso, se trat\u00f3 de un asunto pol\u00edtico &#8220;y lo sostengo&#8221;.<\/p>\n\n\n\n<p>Finalmente se\u00f1al\u00f3 &#8220;s\u00e9 de d\u00f3nde vino, qui\u00e9n lo auspici\u00f3 y dem\u00e1s. En mi caso lo puse hacia el Presidente y como sab\u00eda del tema y hasta en una ma\u00f1anera lo dijo, que fue pol\u00edtico y legalmente se atendi\u00f3 y se resolvi\u00f3&#8221;.<\/p>\n","protected":false},"excerpt":{"rendered":"<p>Dar\u00edo Pale Xalapa, Ver.- El incremento de cien mil mdp en pensiones, &#8220;no es electoral&#8221;, dem\u00e1s de que no conoce a Regidor de Veracruz, no conoce a fondo asunto, en su caso se\u00f1al\u00f3 que fue algo pol\u00edtico y tiene pruebas, as\u00ed lo coment\u00f3 el delegado de los programas federales, Manuel Huerta Ladr\u00f3n de Guevara. En [&hellip;]<\/p>\n","protected":false},"author":2476,"featured_media":38798,"comment_status":"open","ping_status":"open","sticky":false,"template":"","format":"standard","meta":{"_jetpack_memberships_contains_paid_content":false,"footnotes":""},"categories":[2],"tags":[],"class_list":["post-38796","post","type-post","status-publish","format-standard","has-post-thumbnail","hentry","category-estado"],"jetpack_featured_media_url":"https:\/\/encuentroinformativo.com.mx\/wp-content\/uploads\/2023\/04\/IMG-20230403-WA01102.jpg","jetpack_sharing_enabled":true,"jetpack_likes_enabled":true,"amp_enabled":true,"_links":{"self":[{"href":"https:\/\/encuentroinformativo.com.mx\/index.php?rest_route=\/wp\/v2\/posts\/38796","targetHints":{"allow":["GET"]}}],"collection":[{"href":"https:\/\/encuentroinformativo.com.mx\/index.php?rest_route=\/wp\/v2\/posts"}],"about":[{"href":"https:\/\/encuentroinformativo.com.mx\/index.php?rest_route=\/wp\/v2\/types\/post"}],"author":[{"embeddable":true,"href":"https:\/\/encuentroinformativo.com.mx\/index.php?rest_route=\/wp\/v2\/users\/2476"}],"replies":[{"embeddable":true,"href":"https:\/\/encuentroinformativo.com.mx\/index.php?rest_route=%2Fwp%2Fv2%2Fcomments&post=38796"}],"version-history":[{"count":1,"href":"https:\/\/encuentroinformativo.com.mx\/index.php?rest_route=\/wp\/v2\/posts\/38796\/revisions"}],"predecessor-version":[{"id":38799,"href":"https:\/\/encuentroinformativo.com.mx\/index.php?rest_route=\/wp\/v2\/posts\/38796\/revisions\/38799"}],"wp:featuredmedia":[{"embeddable":true,"href":"https:\/\/encuentroinformativo.com.mx\/index.php?rest_route=\/wp\/v2\/media\/38798"}],"wp:attachment":[{"href":"https:\/\/encuentroinformativo.com.mx\/index.php?rest_route=%2Fwp%2Fv2%2Fmedia&parent=38796"}],"wp:term":[{"taxonomy":"category","embeddable":true,"href":"https:\/\/encuentroinformativo.com.mx\/index.php?rest_route=%2Fwp%2Fv2%2Fcategories&post=38796"},{"taxonomy":"post_tag","embeddable":true,"href":"https:\/\/encuentroinformativo.com.mx\/index.php?rest_route=%2Fwp%2Fv2%2Ftags&post=38796"}],"curies":[{"name":"wp","href":"https:\/\/api.w.org\/{rel}","templated":true}]}}