{"id":3880,"date":"2020-07-06T10:43:08","date_gmt":"2020-07-06T15:43:08","guid":{"rendered":"https:\/\/encuentroinformativo.com\/?p=3880"},"modified":"2020-07-06T10:43:10","modified_gmt":"2020-07-06T15:43:10","slug":"transportistas-demandan-frenar-extorsiones-de-policias-viales","status":"publish","type":"post","link":"https:\/\/encuentroinformativo.com.mx\/?p=3880","title":{"rendered":"Transportistas demandan frenar extorsiones de polic\u00edas viales"},"content":{"rendered":"\n<p><strong>Juan Arcos <\/strong><\/p>\n\n\n\n<p>Xalapa, Ver.- Decenas de conductores protestaron en el bulevar Xalapa-Banderilla, a la altura de la colonia 21 de Marzo, y en la caseta de La Antigua para exigir que cesen las extorsiones por parte de polic\u00edas viales.<\/p>\n\n\n\n<p>Se trata de integrantes de de la Alianza Mexicana de Organizaci\u00f3n de Transportistas (Amotac), quienes denunciaron haber sido detenidos por los oficiales para pedirles \u201cmoches\u201d y as\u00ed poder continuar su ruta.<\/p>\n\n\n\n<p>Durante la manifestaci\u00f3n, las unidades fueron estacionadas sobre algunos carriles de dicha v\u00eda de comunicaci\u00f3n, con direcci\u00f3n al Puerto de Veracruz y a la Ciudad de M\u00e9xico, sin obstaculizar la circulaci\u00f3n en su totalidad.<\/p>\n\n\n\n<p>En la caseta de peaje, tambi\u00e9n fueron bloqueados algunos carriles, por lo que se habilitaron otras l\u00edneas de cobro y se logr\u00f3 la circulaci\u00f3n a paso lento.<\/p>\n\n\n\n<p>\u201cAmotac pide a la Polic\u00eda Vial no extorsionar, no agredir f\u00edsica y verbal. No cuota por paso en Xalapa\u201d, se le\u00eda en pancartas que fueron colocadas sobre los camiones de carga pesada.<\/p>\n\n\n\n<p>De acuerdo con el dirigente de Amotac Xalapa, Juan Ciro Dur\u00e1n Mendoza, los conductores no estuvieron de acuerdo con la creaci\u00f3n de la Polic\u00eda Vial en el a\u00f1o 2014, corporaci\u00f3n que depende de la Secretar\u00eda de Seguridad P\u00fablica (SSP), a cargo de Hugo Guti\u00e9rrez Maldonado.<\/p>\n\n\n\n<p>\u201cNunca estuve de acuerdo que me infraccionara un elemento con un arma en la mano o bajo el brazo. Nos dejaron impuesta a esa polic\u00eda y hoy siguen igual y m\u00e1s destrampados\u201d.<\/p>\n\n\n\n<p>El entrevistado record\u00f3 que el pasado s\u00e1bado 4 de julio, un conductor fue retenido en la avenida L\u00e1zaro C\u00e1rdenas y, sin justificaci\u00f3n, el cami\u00f3n fue trasladado al corral\u00f3n, situaci\u00f3n que gener\u00f3 la inconformidad del gremio transportista.<\/p>\n\n\n\n<p>La manifestaci\u00f3n inici\u00f3 alrededor de las 6:30 horas de este lunes, para exigir una respuesta favorable por parte de las autoridades. De lo contrario, protestar\u00e1n nuevamente el d\u00eda de ma\u00f1ana.<\/p>\n\n\n\n<p><\/p>\n","protected":false},"excerpt":{"rendered":"<p>Juan Arcos Xalapa, Ver.- Decenas de conductores protestaron en el bulevar Xalapa-Banderilla, a la altura de la colonia 21 de Marzo, y en la caseta de La Antigua para exigir que cesen las extorsiones por parte de polic\u00edas viales. Se trata de integrantes de de la Alianza Mexicana de Organizaci\u00f3n de Transportistas (Amotac), quienes denunciaron [&hellip;]<\/p>\n","protected":false},"author":1,"featured_media":3881,"comment_status":"open","ping_status":"open","sticky":false,"template":"","format":"standard","meta":{"_jetpack_memberships_contains_paid_content":false,"footnotes":""},"categories":[8],"tags":[],"class_list":["post-3880","post","type-post","status-publish","format-standard","has-post-thumbnail","hentry","category-region"],"jetpack_featured_media_url":"https:\/\/encuentroinformativo.com.mx\/wp-content\/uploads\/2020\/07\/67CDACEE-D862-4660-B230-3D02A26B663F.jpeg","jetpack_sharing_enabled":true,"jetpack_likes_enabled":true,"amp_enabled":true,"_links":{"self":[{"href":"https:\/\/encuentroinformativo.com.mx\/index.php?rest_route=\/wp\/v2\/posts\/3880","targetHints":{"allow":["GET"]}}],"collection":[{"href":"https:\/\/encuentroinformativo.com.mx\/index.php?rest_route=\/wp\/v2\/posts"}],"about":[{"href":"https:\/\/encuentroinformativo.com.mx\/index.php?rest_route=\/wp\/v2\/types\/post"}],"author":[{"embeddable":true,"href":"https:\/\/encuentroinformativo.com.mx\/index.php?rest_route=\/wp\/v2\/users\/1"}],"replies":[{"embeddable":true,"href":"https:\/\/encuentroinformativo.com.mx\/index.php?rest_route=%2Fwp%2Fv2%2Fcomments&post=3880"}],"version-history":[{"count":1,"href":"https:\/\/encuentroinformativo.com.mx\/index.php?rest_route=\/wp\/v2\/posts\/3880\/revisions"}],"predecessor-version":[{"id":3882,"href":"https:\/\/encuentroinformativo.com.mx\/index.php?rest_route=\/wp\/v2\/posts\/3880\/revisions\/3882"}],"wp:featuredmedia":[{"embeddable":true,"href":"https:\/\/encuentroinformativo.com.mx\/index.php?rest_route=\/wp\/v2\/media\/3881"}],"wp:attachment":[{"href":"https:\/\/encuentroinformativo.com.mx\/index.php?rest_route=%2Fwp%2Fv2%2Fmedia&parent=3880"}],"wp:term":[{"taxonomy":"category","embeddable":true,"href":"https:\/\/encuentroinformativo.com.mx\/index.php?rest_route=%2Fwp%2Fv2%2Fcategories&post=3880"},{"taxonomy":"post_tag","embeddable":true,"href":"https:\/\/encuentroinformativo.com.mx\/index.php?rest_route=%2Fwp%2Fv2%2Ftags&post=3880"}],"curies":[{"name":"wp","href":"https:\/\/api.w.org\/{rel}","templated":true}]}}