{"id":38800,"date":"2023-04-03T13:28:27","date_gmt":"2023-04-03T19:28:27","guid":{"rendered":"https:\/\/encuentroinformativo.com.mx\/?p=38800"},"modified":"2023-04-03T13:28:33","modified_gmt":"2023-04-03T19:28:33","slug":"transportistas-bloquean-carretera-altotonga-tlapacoyan","status":"publish","type":"post","link":"https:\/\/encuentroinformativo.com.mx\/?p=38800","title":{"rendered":"Transportistas bloquean carretera Altotonga-Tlapacoyan"},"content":{"rendered":"\n<p><strong>Juan Arcos <\/strong><\/p>\n\n\n\n<p>Xalapa, Ver.- Transportistas protestaron y bloquearon la carretera federal Altotonga-Tlapacoyan para exigir la reparaci\u00f3n de esta v\u00eda de comunicaci\u00f3n, que comunica a cuatro municipios veracruzanos.<\/p>\n\n\n\n<p>Mencionaron que la carretera est\u00e1 deteriorada y representa un riesgo para los conductores en la zona de Altotonga, Perote, Tlapacoyan y Mart\u00ednez de la Torre.<\/p>\n\n\n\n<p>Por tal motivo, alrededor de las 11:00 horas de este lunes 3 de abril, cerraron la carretera a la altura de la zona conocida como \u201cSanta Cruz\u201d, donde atravesaron sus unidades con lonas y mensajes dirigidos al gobierno.<\/p>\n\n\n\n<p>Los quejosos indicaron que han ocurrido accidentes en la regi\u00f3n, debido a que hay una gran cantidad de baches y la carretera no ha recibido mantenimiento.<\/p>\n\n\n\n<p>Adem\u00e1s, mencionaron que estos percances han generado p\u00e9rdidas materiales y humanas, por lo que es necesario que las autoridades tomen cartas en el asunto.<\/p>\n\n\n\n<p>Solicitaron la intervenci\u00f3n de autoridades de la Secretar\u00eda de Comunicaciones y Transportes (SCT), pues la carretera requiere una capa de asfalto de 12 cent\u00edmetros por la cantidad de veh\u00edculos que transitan en la zona.<\/p>\n\n\n\n<p>Cabe recordar que, el pasado 10 de febrero, los conductores de camiones de carga pesada bloquearon la misma carretera, tambi\u00e9n a la altura de la gasolinera de \u201cSanta Cruz\u201d, en la regi\u00f3n del Valle de Perote, donde indicaron que la v\u00eda de comunicaci\u00f3n no ha recibido mantenimiento desde hace m\u00e1s de seis a\u00f1os por parte de autoridades estatales ni federales.<\/p>\n\n\n\n<p>Adem\u00e1s, enfatizaron que las \u00faltimas lluvias registradas en la regi\u00f3n causaron m\u00e1s afectaciones a la carpeta asf\u00e1ltica de la carretera, que conecta a la zona costera con la monta\u00f1a.<\/p>\n\n\n\n<p>Los inconformes amagaron con mantener el bloqueo carretero hasta recibir una respuesta favorable por parte de las autoridades.<\/p>\n\n\n\n<figure class=\"wp-block-image size-large\"><img loading=\"lazy\" decoding=\"async\" width=\"1024\" height=\"769\" src=\"https:\/\/encuentroinformativo.com.mx\/wp-content\/uploads\/2023\/04\/c368c792-c0ac-4319-9eb6-9a3567b6aeba-1024x769.jpg\" alt=\"\" class=\"wp-image-38802\" srcset=\"https:\/\/encuentroinformativo.com.mx\/wp-content\/uploads\/2023\/04\/c368c792-c0ac-4319-9eb6-9a3567b6aeba-1024x769.jpg 1024w, https:\/\/encuentroinformativo.com.mx\/wp-content\/uploads\/2023\/04\/c368c792-c0ac-4319-9eb6-9a3567b6aeba-300x225.jpg 300w, https:\/\/encuentroinformativo.com.mx\/wp-content\/uploads\/2023\/04\/c368c792-c0ac-4319-9eb6-9a3567b6aeba-768x577.jpg 768w, https:\/\/encuentroinformativo.com.mx\/wp-content\/uploads\/2023\/04\/c368c792-c0ac-4319-9eb6-9a3567b6aeba.jpg 1156w\" sizes=\"auto, (max-width: 1024px) 100vw, 1024px\" \/><\/figure>\n","protected":false},"excerpt":{"rendered":"<p>Juan Arcos Xalapa, Ver.- Transportistas protestaron y bloquearon la carretera federal Altotonga-Tlapacoyan para exigir la reparaci\u00f3n de esta v\u00eda de comunicaci\u00f3n, que comunica a cuatro municipios veracruzanos. Mencionaron que la carretera est\u00e1 deteriorada y representa un riesgo para los conductores en la zona de Altotonga, Perote, Tlapacoyan y Mart\u00ednez de la Torre. Por tal motivo, [&hellip;]<\/p>\n","protected":false},"author":2476,"featured_media":38801,"comment_status":"open","ping_status":"open","sticky":false,"template":"","format":"standard","meta":{"_jetpack_memberships_contains_paid_content":false,"footnotes":""},"categories":[8],"tags":[],"class_list":["post-38800","post","type-post","status-publish","format-standard","has-post-thumbnail","hentry","category-region"],"jetpack_featured_media_url":"https:\/\/encuentroinformativo.com.mx\/wp-content\/uploads\/2023\/04\/757e2060-66db-4c7d-8c5a-da7f4bce2ddf.jpg","jetpack_sharing_enabled":true,"jetpack_likes_enabled":true,"amp_enabled":true,"_links":{"self":[{"href":"https:\/\/encuentroinformativo.com.mx\/index.php?rest_route=\/wp\/v2\/posts\/38800","targetHints":{"allow":["GET"]}}],"collection":[{"href":"https:\/\/encuentroinformativo.com.mx\/index.php?rest_route=\/wp\/v2\/posts"}],"about":[{"href":"https:\/\/encuentroinformativo.com.mx\/index.php?rest_route=\/wp\/v2\/types\/post"}],"author":[{"embeddable":true,"href":"https:\/\/encuentroinformativo.com.mx\/index.php?rest_route=\/wp\/v2\/users\/2476"}],"replies":[{"embeddable":true,"href":"https:\/\/encuentroinformativo.com.mx\/index.php?rest_route=%2Fwp%2Fv2%2Fcomments&post=38800"}],"version-history":[{"count":1,"href":"https:\/\/encuentroinformativo.com.mx\/index.php?rest_route=\/wp\/v2\/posts\/38800\/revisions"}],"predecessor-version":[{"id":38803,"href":"https:\/\/encuentroinformativo.com.mx\/index.php?rest_route=\/wp\/v2\/posts\/38800\/revisions\/38803"}],"wp:featuredmedia":[{"embeddable":true,"href":"https:\/\/encuentroinformativo.com.mx\/index.php?rest_route=\/wp\/v2\/media\/38801"}],"wp:attachment":[{"href":"https:\/\/encuentroinformativo.com.mx\/index.php?rest_route=%2Fwp%2Fv2%2Fmedia&parent=38800"}],"wp:term":[{"taxonomy":"category","embeddable":true,"href":"https:\/\/encuentroinformativo.com.mx\/index.php?rest_route=%2Fwp%2Fv2%2Fcategories&post=38800"},{"taxonomy":"post_tag","embeddable":true,"href":"https:\/\/encuentroinformativo.com.mx\/index.php?rest_route=%2Fwp%2Fv2%2Ftags&post=38800"}],"curies":[{"name":"wp","href":"https:\/\/api.w.org\/{rel}","templated":true}]}}