{"id":38817,"date":"2023-04-03T14:55:11","date_gmt":"2023-04-03T20:55:11","guid":{"rendered":"https:\/\/encuentroinformativo.com.mx\/?p=38817"},"modified":"2023-04-03T14:55:16","modified_gmt":"2023-04-03T20:55:16","slug":"por-vacaciones-posponen-operativo-de-canje-de-placas","status":"publish","type":"post","link":"https:\/\/encuentroinformativo.com.mx\/?p=38817","title":{"rendered":"Por vacaciones, posponen operativo de canje de placas"},"content":{"rendered":"\n<p><strong>Dar\u00edo Pale <\/strong><\/p>\n\n\n\n<p>Xalapa, Ver.- El operativo de Tr\u00e1nsito por canje de placas, se aplaza 15 d\u00edas, a quienes no hicieron su cambio de placas no podr\u00e1n ser multados en estos d\u00edas, as\u00ed lo dio a conocer el gobernador Cuitl\u00e1huac Garc\u00eda Jim\u00e9nez.<\/p>\n\n\n\n<p>En conferencia de prensa defini\u00f3 que durante los 15 d\u00edas del presente periodo vacacional de Semana Santa no se aplicar\u00e1n multas a aquellos que no hayan hecho el canje de placas anteriores a 2016.<\/p>\n\n\n\n<p>Record\u00f3 que se dio un plazo adicional de tres meses m\u00e1s a quienes no cumplieron con el canje de placas, es decir, venc\u00eda el 31 de marzo de este a\u00f1o y el operativo iniciaba el 1 de abril.<\/p>\n\n\n\n<p>&#8220;Dijimos que en estas dos semanas de asueto aguantemos el operativo, aunque se anunci\u00f3, la verdad es que lo \u00edbamos a empezar ya el 1 de abril, pero la gente est\u00e1 en sus d\u00edas de asueto y lo mejor es esperarnos a que pasen estos 15 d\u00edas&#8221;, se\u00f1al\u00f3.<\/p>\n\n\n\n<p>El Mandatario pidi\u00f3 a quienes no cumplieron con el canje que agilicen sus tr\u00e1mites y que se regularicen.<\/p>\n\n\n\n<p>Refiri\u00f3 que se anunci\u00f3 que hay un programa para que se haga el cambio en &#8220;c\u00f3modas mensualidades&#8221; y para ello se deben acercar a las oficinas de Hacienda.<\/p>\n\n\n\n<p>Finalmente coment\u00f3 que, &#8220;aprovechen las oficinas de Hacienda solamente tendr\u00e1n estos d\u00edas de Semana Santa de asueto los trabajadores&#8221;.<\/p>\n","protected":false},"excerpt":{"rendered":"<p>Dar\u00edo Pale Xalapa, Ver.- El operativo de Tr\u00e1nsito por canje de placas, se aplaza 15 d\u00edas, a quienes no hicieron su cambio de placas no podr\u00e1n ser multados en estos d\u00edas, as\u00ed lo dio a conocer el gobernador Cuitl\u00e1huac Garc\u00eda Jim\u00e9nez. En conferencia de prensa defini\u00f3 que durante los 15 d\u00edas del presente periodo vacacional [&hellip;]<\/p>\n","protected":false},"author":2476,"featured_media":17364,"comment_status":"open","ping_status":"open","sticky":false,"template":"","format":"standard","meta":{"_jetpack_memberships_contains_paid_content":false,"footnotes":""},"categories":[2],"tags":[],"class_list":["post-38817","post","type-post","status-publish","format-standard","has-post-thumbnail","hentry","category-estado"],"jetpack_featured_media_url":"https:\/\/encuentroinformativo.com.mx\/wp-content\/uploads\/2021\/08\/637160FC-B319-49CB-919C-0FFF189AF7E0.jpeg","jetpack_sharing_enabled":true,"jetpack_likes_enabled":true,"amp_enabled":true,"_links":{"self":[{"href":"https:\/\/encuentroinformativo.com.mx\/index.php?rest_route=\/wp\/v2\/posts\/38817","targetHints":{"allow":["GET"]}}],"collection":[{"href":"https:\/\/encuentroinformativo.com.mx\/index.php?rest_route=\/wp\/v2\/posts"}],"about":[{"href":"https:\/\/encuentroinformativo.com.mx\/index.php?rest_route=\/wp\/v2\/types\/post"}],"author":[{"embeddable":true,"href":"https:\/\/encuentroinformativo.com.mx\/index.php?rest_route=\/wp\/v2\/users\/2476"}],"replies":[{"embeddable":true,"href":"https:\/\/encuentroinformativo.com.mx\/index.php?rest_route=%2Fwp%2Fv2%2Fcomments&post=38817"}],"version-history":[{"count":1,"href":"https:\/\/encuentroinformativo.com.mx\/index.php?rest_route=\/wp\/v2\/posts\/38817\/revisions"}],"predecessor-version":[{"id":38818,"href":"https:\/\/encuentroinformativo.com.mx\/index.php?rest_route=\/wp\/v2\/posts\/38817\/revisions\/38818"}],"wp:featuredmedia":[{"embeddable":true,"href":"https:\/\/encuentroinformativo.com.mx\/index.php?rest_route=\/wp\/v2\/media\/17364"}],"wp:attachment":[{"href":"https:\/\/encuentroinformativo.com.mx\/index.php?rest_route=%2Fwp%2Fv2%2Fmedia&parent=38817"}],"wp:term":[{"taxonomy":"category","embeddable":true,"href":"https:\/\/encuentroinformativo.com.mx\/index.php?rest_route=%2Fwp%2Fv2%2Fcategories&post=38817"},{"taxonomy":"post_tag","embeddable":true,"href":"https:\/\/encuentroinformativo.com.mx\/index.php?rest_route=%2Fwp%2Fv2%2Ftags&post=38817"}],"curies":[{"name":"wp","href":"https:\/\/api.w.org\/{rel}","templated":true}]}}