{"id":38819,"date":"2023-04-03T15:13:54","date_gmt":"2023-04-03T21:13:54","guid":{"rendered":"https:\/\/encuentroinformativo.com.mx\/?p=38819"},"modified":"2023-04-03T15:24:50","modified_gmt":"2023-04-03T21:24:50","slug":"todo-listo-en-boca-del-rio-para-semana-santa-alcalde-jm-unanue","status":"publish","type":"post","link":"https:\/\/encuentroinformativo.com.mx\/?p=38819","title":{"rendered":"Todo listo en Boca del R\u00edo para Semana Santa: Alcalde JM Un\u00e1nue"},"content":{"rendered":"\n<p>*<strong style=\"font-style: italic;\">Del 6 al 9 de abril Boca del R\u00edo los espera con los brazos abiertos<\/strong>.<\/p>\n\n\n\n<p>*<em><strong>Consulta el programa oficial de actividades en www.semanasantaenboca.mx<\/strong><\/em><\/p>\n\n\n\n<p>Boca del R\u00edo, Ver &#8211; Todo est\u00e1 listo para las actividades de <strong>Semana Santa 2023<\/strong> en Boca del R\u00edo, donde del 6 al 9 de abril locales y turistas podr\u00e1n disfrutar de diferentes actividades deportivas y recreativas, adem\u00e1s de los atractivos tur\u00edsticos con los que cuenta la ciudad para este periodo vacacional.<\/p>\n\n\n\n<p>\u201cBoca del R\u00edo ofrece seguridad y estabilidad, los turistas pueden venir sin ning\u00fan problema, ni preocupaci\u00f3n, tenemos una ciudad que los recibir\u00e1 con los brazos abiertos\u201d, expres\u00f3 el Alcalde Juan Manuel Un\u00e1nue.<\/p>\n\n\n\n<p>Al hablar de la reactivaci\u00f3n econ\u00f3mica dijo que afortunadamente desde el a\u00f1o pasado se ha incrementado sustancialmente el n\u00famero de turistas en Boca del R\u00edo, lo que genera mayor movimiento en la ciudad y m\u00e1s beneficios en los sectores econ\u00f3micos del municipio.<\/p>\n\n\n\n<p>En esta Semana Santa 2023 se espera un cien por ciento de la ocupaci\u00f3n hotelera, ya que desde d\u00edas atr\u00e1s se han registrado reservaciones en los distintos hoteles de la ciudad, los mejores del estado de Veracruz.<\/p>\n\n\n\n<p>El Alcalde comparti\u00f3 que ya se cuenta con un programa atractivo para todos los gustos, que incluye actividades deportivas, DJ en vivo, un Festival del Arpa, presentaci\u00f3n de Artistas Independientes, adem\u00e1s de m\u00fasica Pop Rock Alternativo en vivo.<\/p>\n\n\n\n<p>Las ocho playas con las que cuenta Boca del R\u00edo, adem\u00e1s de estar debidamente resguardadas por los elementos guardavidas de la Direcci\u00f3n de Protecci\u00f3n Civil municipal, contar\u00e1n con torneos de Voleibol y F\u00fatbol Playero.<\/p>\n\n\n\n<p>La oferta playera tambi\u00e9n presenta una exhibici\u00f3n de futv\u00f3ley y un zumbat\u00f3n playero, adem\u00e1s de otras actividades al aire libre.<\/p>\n\n\n\n<p>Y eso no es todo, la recreaci\u00f3n para los boque\u00f1os se suma con las distintas albercas de las Unidades Deportivas municipales donde se contar\u00e1 con la presencia de salvavidas y elementos de todas las \u00e1reas operativas para recibirlos y darles acompa\u00f1amiento.<\/p>\n\n\n\n<p>Agreg\u00e1ndose las Unidades Deportivas Tlapamicytlan, Hugo S\u00e1nchez y El Morro, donde la diversi\u00f3n para chicos y grandes se podr\u00e1 disfrutar con nataci\u00f3n, retas de f\u00fatbol, tiro a gol con lona, carreras de costales, lona de agua para deslizarse, entre otros.<\/p>\n\n\n\n<p>Mientras que en el Parque Dren B el esparcimiento ser\u00e1 generado con juegos inflables y boca bikes; es importante confirmar los horarios para su uso y disfrute.<\/p>\n\n\n\n<p>El Ayuntamiento de Boca del R\u00edo hace extensa la invitaci\u00f3n para que visiten la oferta de museos con los que cuenta como el Museo de la Moneda, Museo Patria y Libertad y por \u00faltimo el Museo del Pirata.<\/p>\n\n\n\n<p>Para conocer a detalle el programa \u201cSemana Santa 2023\u201d, lo pueden hacer a trav\u00e9s de la p\u00e1gina oficial www.SemanaSantaenBoca.mx as\u00ed como mediante las Redes Sociales Oficiales del Ayuntamiento:<\/p>\n\n\n\n<p>www.facebook.com\/BocaLoMejorDeVeracruz, Twitter: @_BocadelRio e Instagram: @bocadelrio.ver.<\/p>\n\n\n\n<figure class=\"wp-block-image size-large\"><img loading=\"lazy\" decoding=\"async\" width=\"1024\" height=\"832\" src=\"https:\/\/encuentroinformativo.com.mx\/wp-content\/uploads\/2023\/04\/IMG-20230403-WA01661-1024x832.jpg\" alt=\"\" class=\"wp-image-38822\" srcset=\"https:\/\/encuentroinformativo.com.mx\/wp-content\/uploads\/2023\/04\/IMG-20230403-WA01661-1024x832.jpg 1024w, https:\/\/encuentroinformativo.com.mx\/wp-content\/uploads\/2023\/04\/IMG-20230403-WA01661-300x244.jpg 300w, https:\/\/encuentroinformativo.com.mx\/wp-content\/uploads\/2023\/04\/IMG-20230403-WA01661-768x624.jpg 768w, https:\/\/encuentroinformativo.com.mx\/wp-content\/uploads\/2023\/04\/IMG-20230403-WA01661-1536x1248.jpg 1536w, https:\/\/encuentroinformativo.com.mx\/wp-content\/uploads\/2023\/04\/IMG-20230403-WA01661.jpg 1575w\" sizes=\"auto, (max-width: 1024px) 100vw, 1024px\" \/><\/figure>\n","protected":false},"excerpt":{"rendered":"<p>*Del 6 al 9 de abril Boca del R\u00edo los espera con los brazos abiertos. *Consulta el programa oficial de actividades en www.semanasantaenboca.mx Boca del R\u00edo, Ver &#8211; Todo est\u00e1 listo para las actividades de Semana Santa 2023 en Boca del R\u00edo, donde del 6 al 9 de abril locales y turistas podr\u00e1n disfrutar de [&hellip;]<\/p>\n","protected":false},"author":2476,"featured_media":38820,"comment_status":"open","ping_status":"open","sticky":false,"template":"","format":"standard","meta":{"_jetpack_memberships_contains_paid_content":false,"footnotes":""},"categories":[2],"tags":[],"class_list":["post-38819","post","type-post","status-publish","format-standard","has-post-thumbnail","hentry","category-estado"],"jetpack_featured_media_url":"https:\/\/encuentroinformativo.com.mx\/wp-content\/uploads\/2023\/04\/Screenshot_20230403-1509322.png","jetpack_sharing_enabled":true,"jetpack_likes_enabled":true,"amp_enabled":true,"_links":{"self":[{"href":"https:\/\/encuentroinformativo.com.mx\/index.php?rest_route=\/wp\/v2\/posts\/38819","targetHints":{"allow":["GET"]}}],"collection":[{"href":"https:\/\/encuentroinformativo.com.mx\/index.php?rest_route=\/wp\/v2\/posts"}],"about":[{"href":"https:\/\/encuentroinformativo.com.mx\/index.php?rest_route=\/wp\/v2\/types\/post"}],"author":[{"embeddable":true,"href":"https:\/\/encuentroinformativo.com.mx\/index.php?rest_route=\/wp\/v2\/users\/2476"}],"replies":[{"embeddable":true,"href":"https:\/\/encuentroinformativo.com.mx\/index.php?rest_route=%2Fwp%2Fv2%2Fcomments&post=38819"}],"version-history":[{"count":2,"href":"https:\/\/encuentroinformativo.com.mx\/index.php?rest_route=\/wp\/v2\/posts\/38819\/revisions"}],"predecessor-version":[{"id":38823,"href":"https:\/\/encuentroinformativo.com.mx\/index.php?rest_route=\/wp\/v2\/posts\/38819\/revisions\/38823"}],"wp:featuredmedia":[{"embeddable":true,"href":"https:\/\/encuentroinformativo.com.mx\/index.php?rest_route=\/wp\/v2\/media\/38820"}],"wp:attachment":[{"href":"https:\/\/encuentroinformativo.com.mx\/index.php?rest_route=%2Fwp%2Fv2%2Fmedia&parent=38819"}],"wp:term":[{"taxonomy":"category","embeddable":true,"href":"https:\/\/encuentroinformativo.com.mx\/index.php?rest_route=%2Fwp%2Fv2%2Fcategories&post=38819"},{"taxonomy":"post_tag","embeddable":true,"href":"https:\/\/encuentroinformativo.com.mx\/index.php?rest_route=%2Fwp%2Fv2%2Ftags&post=38819"}],"curies":[{"name":"wp","href":"https:\/\/api.w.org\/{rel}","templated":true}]}}