{"id":38824,"date":"2023-04-03T17:39:11","date_gmt":"2023-04-03T23:39:11","guid":{"rendered":"https:\/\/encuentroinformativo.com.mx\/?p=38824"},"modified":"2023-04-03T17:39:15","modified_gmt":"2023-04-03T23:39:15","slug":"regidor-intenta-coartar-mi-libertad-de-expresion-belem-palmeros","status":"publish","type":"post","link":"https:\/\/encuentroinformativo.com.mx\/?p=38824","title":{"rendered":"Regidor intenta coartar mi libertad de expresi\u00f3n: Belem Palmeros"},"content":{"rendered":"\n<p><strong>Alejandro \u00c1vila<\/strong><\/p>\n\n\n\n<p>Veracruz, Ver.- La regidora del Ayuntamiento de Veracruz, Belem Palmeros Exsome subi\u00f3 un video a sus redes sociales, donde denunci\u00f3 que su hom\u00f3logo Sebasti\u00e1n &#8220;N&#8221;, de Morena, intenta coartar su libertad de expresi\u00f3n.<\/p>\n\n\n\n<p>&#8220;Con todo cinismo y desde su posici\u00f3n de privilegio, el regidor Sebasti\u00e1n &#8220;N&#8221; contin\u00faa ejerciendo violencia en contra de las mujeres, ahora intenta coartar mi derecho a la libertad de expresi\u00f3n a trav\u00e9s de un juicio para la protecci\u00f3n de los derechos pol\u00edtico electorales&#8221;.<\/p>\n\n\n\n<p>&#8220;He sido notificada por el OPLE que esta persona exige que tanto yo como algunos medios de comunicaci\u00f3n, entre los que se encuentran Notiver, XEU, Reforma, Imagen Televisi\u00f3n, Milenio, AVC Noticias, Al Calor Pol\u00edtico, entre muchos otros, nos abstengamos de continuar publicando notas y o videos que causen da\u00f1o a su imagen p\u00fablica, reputaci\u00f3n y fama pol\u00edtica. Es decir, quiere que nos callemos&#8221;, puntualiz\u00f3 en su video.<\/p>\n\n\n\n<p>La edil prista dijo que, quienes creen y conocen el derecho, saben que este tipo de denuncias son improcedentes; al tiempo que dijon confiar en que las autoridades actuar\u00e1n con imparcialidad y apego a la justicia.&nbsp;<\/p>\n\n\n\n<p>&#8220;Llevo muchos a\u00f1os como activista en pro de los derechos de la mujer y mientras exista en cualquier parte una mujer que sufre de violencia, seguir\u00e9 alzando la voz.&nbsp;<\/p>\n\n\n\n<p>No me va a callar ni \u00e9l, ni ning\u00fan otro agresor&#8221;, remat\u00f3.<\/p>\n","protected":false},"excerpt":{"rendered":"<p>Alejandro \u00c1vila Veracruz, Ver.- La regidora del Ayuntamiento de Veracruz, Belem Palmeros Exsome subi\u00f3 un video a sus redes sociales, donde denunci\u00f3 que su hom\u00f3logo Sebasti\u00e1n &#8220;N&#8221;, de Morena, intenta coartar su libertad de expresi\u00f3n. &#8220;Con todo cinismo y desde su posici\u00f3n de privilegio, el regidor Sebasti\u00e1n &#8220;N&#8221; contin\u00faa ejerciendo violencia en contra de las [&hellip;]<\/p>\n","protected":false},"author":2476,"featured_media":38825,"comment_status":"open","ping_status":"open","sticky":false,"template":"","format":"standard","meta":{"_jetpack_memberships_contains_paid_content":false,"footnotes":""},"categories":[2],"tags":[],"class_list":["post-38824","post","type-post","status-publish","format-standard","has-post-thumbnail","hentry","category-estado"],"jetpack_featured_media_url":"https:\/\/encuentroinformativo.com.mx\/wp-content\/uploads\/2023\/04\/Screenshot_20230403-1721182.png","jetpack_sharing_enabled":true,"jetpack_likes_enabled":true,"amp_enabled":true,"_links":{"self":[{"href":"https:\/\/encuentroinformativo.com.mx\/index.php?rest_route=\/wp\/v2\/posts\/38824","targetHints":{"allow":["GET"]}}],"collection":[{"href":"https:\/\/encuentroinformativo.com.mx\/index.php?rest_route=\/wp\/v2\/posts"}],"about":[{"href":"https:\/\/encuentroinformativo.com.mx\/index.php?rest_route=\/wp\/v2\/types\/post"}],"author":[{"embeddable":true,"href":"https:\/\/encuentroinformativo.com.mx\/index.php?rest_route=\/wp\/v2\/users\/2476"}],"replies":[{"embeddable":true,"href":"https:\/\/encuentroinformativo.com.mx\/index.php?rest_route=%2Fwp%2Fv2%2Fcomments&post=38824"}],"version-history":[{"count":1,"href":"https:\/\/encuentroinformativo.com.mx\/index.php?rest_route=\/wp\/v2\/posts\/38824\/revisions"}],"predecessor-version":[{"id":38826,"href":"https:\/\/encuentroinformativo.com.mx\/index.php?rest_route=\/wp\/v2\/posts\/38824\/revisions\/38826"}],"wp:featuredmedia":[{"embeddable":true,"href":"https:\/\/encuentroinformativo.com.mx\/index.php?rest_route=\/wp\/v2\/media\/38825"}],"wp:attachment":[{"href":"https:\/\/encuentroinformativo.com.mx\/index.php?rest_route=%2Fwp%2Fv2%2Fmedia&parent=38824"}],"wp:term":[{"taxonomy":"category","embeddable":true,"href":"https:\/\/encuentroinformativo.com.mx\/index.php?rest_route=%2Fwp%2Fv2%2Fcategories&post=38824"},{"taxonomy":"post_tag","embeddable":true,"href":"https:\/\/encuentroinformativo.com.mx\/index.php?rest_route=%2Fwp%2Fv2%2Ftags&post=38824"}],"curies":[{"name":"wp","href":"https:\/\/api.w.org\/{rel}","templated":true}]}}