{"id":3883,"date":"2020-07-06T11:39:57","date_gmt":"2020-07-06T16:39:57","guid":{"rendered":"https:\/\/encuentroinformativo.com\/?p=3883"},"modified":"2020-07-06T11:39:59","modified_gmt":"2020-07-06T16:39:59","slug":"anuncian-colecta-a-beneficio-de-internos-de-pacho-viejo","status":"publish","type":"post","link":"https:\/\/encuentroinformativo.com.mx\/?p=3883","title":{"rendered":"Anuncian colecta a beneficio de internos de Pacho Viejo"},"content":{"rendered":"\n<p><strong>Dar\u00edo Pale <\/strong><\/p>\n\n\n\n<p>Xalapa, Ver.- Dana Zumaya Hern\u00e1ndez presidenta del patronato<em> \u201cMariposas Tena\u201d<\/em> artesan\u00edas con causa, dio a conocer que el d\u00eda de hoy iniciar\u00e1n una colecta de ayuda humanitaria para los reclusos de Pacho Viejo.<\/p>\n\n\n\n<p>En conferencia de prensa realizada en conocido caf\u00e9 del centro de Xalapa, se\u00f1al\u00f3 que hoy iniciar\u00e1n una colecta principalmente de la canasta b\u00e1sica as\u00ed como de art\u00edculos de higiene personal y de limpieza como son cloro y gel antibacterial.<\/p>\n\n\n\n<p>Todo lo recaudado desde hoy hasta el pr\u00f3ximo d\u00eda s\u00e1bado ser\u00e1n entregados el domingo, no pueden recibir productos que est\u00e9n enlatados ya que no pueden ser ingresados al reclusorio.<\/p>\n\n\n\n<p>Tambi\u00e9n los integrantes de dicha organizaci\u00f3n realizan artesan\u00edas y con la venta de estos mismos productos apoyan a los reclusos.<\/p>\n\n\n\n<p>Estar\u00e1n recibiendo todos los donativos en la avenida Fernando Gutierrez Barrios n\u00famero 29 de la colonia Guadalupe Victoria diez cuadras antes del ruta dos y en el tel\u00e9fono 2284115151, y quien no pueda asistir ellos van por la donaci\u00f3n a cualquier domicilio.<\/p>\n\n\n\n<p>Finalmente se\u00f1al\u00f3 que lo que m\u00e1s necesitan en este momento son cloro, gel, cubrebocas, y art\u00edculos de higiene personal, ya que debido a la pandemia es necesario que est\u00e9n protegidos los internos.<\/p>\n\n\n\n<p><\/p>\n","protected":false},"excerpt":{"rendered":"<p>Dar\u00edo Pale Xalapa, Ver.- Dana Zumaya Hern\u00e1ndez presidenta del patronato \u201cMariposas Tena\u201d artesan\u00edas con causa, dio a conocer que el d\u00eda de hoy iniciar\u00e1n una colecta de ayuda humanitaria para los reclusos de Pacho Viejo. En conferencia de prensa realizada en conocido caf\u00e9 del centro de Xalapa, se\u00f1al\u00f3 que hoy iniciar\u00e1n una colecta principalmente de [&hellip;]<\/p>\n","protected":false},"author":1,"featured_media":3884,"comment_status":"open","ping_status":"open","sticky":false,"template":"","format":"standard","meta":{"_jetpack_memberships_contains_paid_content":false,"footnotes":""},"categories":[3],"tags":[],"class_list":["post-3883","post","type-post","status-publish","format-standard","has-post-thumbnail","hentry","category-xalapa"],"jetpack_featured_media_url":"https:\/\/encuentroinformativo.com.mx\/wp-content\/uploads\/2020\/07\/9FCEA394-7234-47E2-84FA-65845898E06D.jpeg","jetpack_sharing_enabled":true,"jetpack_likes_enabled":true,"amp_enabled":true,"_links":{"self":[{"href":"https:\/\/encuentroinformativo.com.mx\/index.php?rest_route=\/wp\/v2\/posts\/3883","targetHints":{"allow":["GET"]}}],"collection":[{"href":"https:\/\/encuentroinformativo.com.mx\/index.php?rest_route=\/wp\/v2\/posts"}],"about":[{"href":"https:\/\/encuentroinformativo.com.mx\/index.php?rest_route=\/wp\/v2\/types\/post"}],"author":[{"embeddable":true,"href":"https:\/\/encuentroinformativo.com.mx\/index.php?rest_route=\/wp\/v2\/users\/1"}],"replies":[{"embeddable":true,"href":"https:\/\/encuentroinformativo.com.mx\/index.php?rest_route=%2Fwp%2Fv2%2Fcomments&post=3883"}],"version-history":[{"count":1,"href":"https:\/\/encuentroinformativo.com.mx\/index.php?rest_route=\/wp\/v2\/posts\/3883\/revisions"}],"predecessor-version":[{"id":3885,"href":"https:\/\/encuentroinformativo.com.mx\/index.php?rest_route=\/wp\/v2\/posts\/3883\/revisions\/3885"}],"wp:featuredmedia":[{"embeddable":true,"href":"https:\/\/encuentroinformativo.com.mx\/index.php?rest_route=\/wp\/v2\/media\/3884"}],"wp:attachment":[{"href":"https:\/\/encuentroinformativo.com.mx\/index.php?rest_route=%2Fwp%2Fv2%2Fmedia&parent=3883"}],"wp:term":[{"taxonomy":"category","embeddable":true,"href":"https:\/\/encuentroinformativo.com.mx\/index.php?rest_route=%2Fwp%2Fv2%2Fcategories&post=3883"},{"taxonomy":"post_tag","embeddable":true,"href":"https:\/\/encuentroinformativo.com.mx\/index.php?rest_route=%2Fwp%2Fv2%2Ftags&post=3883"}],"curies":[{"name":"wp","href":"https:\/\/api.w.org\/{rel}","templated":true}]}}