{"id":38830,"date":"2023-04-03T21:16:04","date_gmt":"2023-04-04T03:16:04","guid":{"rendered":"https:\/\/encuentroinformativo.com.mx\/?p=38830"},"modified":"2023-04-03T21:16:07","modified_gmt":"2023-04-04T03:16:07","slug":"levantan-a-reportero-en-poza-rica","status":"publish","type":"post","link":"https:\/\/encuentroinformativo.com.mx\/?p=38830","title":{"rendered":"&#8216;Levantan&#8217; a reportero en Poza Rica"},"content":{"rendered":"\n<p><strong>Juan  Arcos <\/strong><\/p>\n\n\n\n<p>Xalapa, Ver.- Autoridades de Veracruz confirmaron que el reportero policiaco Ricardo Villanueva fue privado ilegalmente de su libertad este lunes 3 de abril en el municipio de Poza Rica, en la zona norte de la entidad.<\/p>\n\n\n\n<p>La Comisi\u00f3n Estatal para la Atenci\u00f3n y Protecci\u00f3n de los Periodistas (Ceapp) inform\u00f3 que, en coordinaci\u00f3n con la Secretar\u00eda de Seguridad P\u00fablica del Estado (SSP) y la Fiscal\u00eda General del Estado (FGE), se despleg\u00f3 un operativo para la b\u00fasqueda y localizaci\u00f3n del comunicador.<\/p>\n\n\n\n<p>El joven de 27 a\u00f1os labora en el peri\u00f3dico Presente de Poza Rica, medio de comunicaci\u00f3n que dio a conocer este lamentable suceso mediante su cuenta oficial de Facebook.<\/p>\n\n\n\n<p>Los hechos ocurrieron aproximadamente a las 17:40 horas de este lunes. Sujetos encapuchados y con armas largas \u201clevantaron\u201d al reportero policiaco, cuando se encontraba arreglando su motocicleta en un taller mec\u00e1nico de la calle Agricultura, colonia L\u00e1zaro C\u00e1rdenas.<\/p>\n\n\n\n<p>\u201cLevantan a nuestro reportero Richard Villa\u201d, se lee en la publicaci\u00f3n que est\u00e1 acompa\u00f1ada de dos fotograf\u00edas del comunicador, quien fue retratado mientras desempe\u00f1aba su labor period\u00edstica.<\/p>\n\n\n\n<p>La Comisi\u00f3n Estatal para la Atenci\u00f3n y Protecci\u00f3n de los Periodistas revel\u00f3 en un comunicado que fue notificada sobre los hechos desde el primer momento, por lo que se estableci\u00f3 comunicaci\u00f3n con las autoridades policiacas y de investigaci\u00f3n para ubicarlo.<\/p>\n\n\n\n<p>\u201cAl tratarse de un caso de alto riesgo y para no entorpecer el protocolo de b\u00fasqueda, la Ceapp est\u00e1 imposibilitada a ofrecer mayor informaci\u00f3n al respecto\u201d, se observa en el documento.<\/p>\n\n\n\n<p>Tambi\u00e9n precis\u00f3 que se implementa un protocolo de protecci\u00f3n en favor de un medio de comunicaci\u00f3n de dicha ciudad y de sus integrantes.<\/p>\n\n\n\n<p>Lo anterior, en coordinaci\u00f3n con el Mecanismo Federal de Protecci\u00f3n a Personas Defensoras de los Derechos Humanos y Periodistas.<\/p>\n","protected":false},"excerpt":{"rendered":"<p>Juan Arcos Xalapa, Ver.- Autoridades de Veracruz confirmaron que el reportero policiaco Ricardo Villanueva fue privado ilegalmente de su libertad este lunes 3 de abril en el municipio de Poza Rica, en la zona norte de la entidad. La Comisi\u00f3n Estatal para la Atenci\u00f3n y Protecci\u00f3n de los Periodistas (Ceapp) inform\u00f3 que, en coordinaci\u00f3n con [&hellip;]<\/p>\n","protected":false},"author":2476,"featured_media":38831,"comment_status":"open","ping_status":"open","sticky":false,"template":"","format":"standard","meta":{"_jetpack_memberships_contains_paid_content":false,"footnotes":""},"categories":[14],"tags":[],"class_list":["post-38830","post","type-post","status-publish","format-standard","has-post-thumbnail","hentry","category-policiaca"],"jetpack_featured_media_url":"https:\/\/encuentroinformativo.com.mx\/wp-content\/uploads\/2023\/04\/IMG_9195.jpg","jetpack_sharing_enabled":true,"jetpack_likes_enabled":true,"amp_enabled":true,"_links":{"self":[{"href":"https:\/\/encuentroinformativo.com.mx\/index.php?rest_route=\/wp\/v2\/posts\/38830","targetHints":{"allow":["GET"]}}],"collection":[{"href":"https:\/\/encuentroinformativo.com.mx\/index.php?rest_route=\/wp\/v2\/posts"}],"about":[{"href":"https:\/\/encuentroinformativo.com.mx\/index.php?rest_route=\/wp\/v2\/types\/post"}],"author":[{"embeddable":true,"href":"https:\/\/encuentroinformativo.com.mx\/index.php?rest_route=\/wp\/v2\/users\/2476"}],"replies":[{"embeddable":true,"href":"https:\/\/encuentroinformativo.com.mx\/index.php?rest_route=%2Fwp%2Fv2%2Fcomments&post=38830"}],"version-history":[{"count":1,"href":"https:\/\/encuentroinformativo.com.mx\/index.php?rest_route=\/wp\/v2\/posts\/38830\/revisions"}],"predecessor-version":[{"id":38832,"href":"https:\/\/encuentroinformativo.com.mx\/index.php?rest_route=\/wp\/v2\/posts\/38830\/revisions\/38832"}],"wp:featuredmedia":[{"embeddable":true,"href":"https:\/\/encuentroinformativo.com.mx\/index.php?rest_route=\/wp\/v2\/media\/38831"}],"wp:attachment":[{"href":"https:\/\/encuentroinformativo.com.mx\/index.php?rest_route=%2Fwp%2Fv2%2Fmedia&parent=38830"}],"wp:term":[{"taxonomy":"category","embeddable":true,"href":"https:\/\/encuentroinformativo.com.mx\/index.php?rest_route=%2Fwp%2Fv2%2Fcategories&post=38830"},{"taxonomy":"post_tag","embeddable":true,"href":"https:\/\/encuentroinformativo.com.mx\/index.php?rest_route=%2Fwp%2Fv2%2Ftags&post=38830"}],"curies":[{"name":"wp","href":"https:\/\/api.w.org\/{rel}","templated":true}]}}