{"id":38836,"date":"2023-04-04T09:57:43","date_gmt":"2023-04-04T15:57:43","guid":{"rendered":"https:\/\/encuentroinformativo.com.mx\/?p=38836"},"modified":"2023-04-04T09:57:47","modified_gmt":"2023-04-04T15:57:47","slug":"cuitlahuac-y-belem","status":"publish","type":"post","link":"https:\/\/encuentroinformativo.com.mx\/?p=38836","title":{"rendered":"CUITL\u00c1HUAC Y BELEM"},"content":{"rendered":"\n<p><strong>Los Pol\u00edticos<\/strong><\/p>\n\n\n\n<p><strong>Salvador Mu\u00f1oz<\/strong><\/p>\n\n\n\n<p>La falta de empat\u00eda, as\u00ed como la ausencia de tacto pol\u00edtico y aun con esos cuatro a\u00f1os de curva de \u201caprendizaje\u201d, hacen ver m\u00e1s a un moreno encubriendo a otro moreno, m\u00e1s que a un Gobernador entendiendo el quehacer pol\u00edtico de su cargo\u2026 \u00bfqu\u00e9 chingaos tiene que opinar sobre un asunto de competencia ministerial y\/o municipal como es el caso del regidor Sebasti\u00e1n Cano Rodr\u00edguez?<\/p>\n\n\n\n<p>En el momento en que le hacen la pregunta con respecto a las acusaciones que hay en contra del edil porte\u00f1o por acoso y abuso sexual, tan f\u00e1cil que es separar los asuntos del Estado de los Judiciales y encauzar las dudas hacia la Fiscal\u00eda General del Estado o al Puerto de Veracruz con el secretario del Ayuntamiento , pero no\u2026 \u00a1a huevo quiere ser el ajojonl\u00ed de todos los moles!<\/p>\n\n\n\n<p>Hablan de 16 se\u00f1alamientos y cuatro denuncias penales pero \u00e9l quiere las pruebas contra el Regidor porte\u00f1o\u2026 \u00a1vamos! en otras palabras: apuesta al papel de inocente de su compa\u00f1ero de partido antes que en las palabras de las v\u00edctimas\u2026 s\u00ed, en plural: las v\u00edctimas. Insisto: tan f\u00e1cil como era decir \u201cesperemos que la Fiscal\u00eda dictamine si hay motivos para llevar a proceso al presunto y esperar la resoluci\u00f3n en un juzgado\u2026\u201d, pero no\u2026<\/p>\n\n\n\n<p>Mientras, Belem Palmeros Exsome anunciaba que v\u00eda el OPLE, ya el regidor se hab\u00eda quejado y a la vez solicitado que no volviera a tocar el tema ni la regidora ni algunos medios de comunicaci\u00f3n, como Notiver\u2026 s\u00ed, algo as\u00ed como coartar la Libertad de Expresi\u00f3n y m\u00e1s en un caso de inter\u00e9s p\u00fablico, porque no es cualquier hijo del vecino el se\u00f1alado, sino un representante popular, un servidor p\u00fablico, un funcionario\u2026<\/p>\n\n\n\n<p>Ac\u00e1 lo pusimos hace varios d\u00edas: ojal\u00e1 las autoridades ministeriales atendieran pronto el caso donde se involucra a Sebasti\u00e1n Cano porque al volverse un tema p\u00fablico, es del dominio p\u00fablico y el Pueblo Bueno y Sabio no ve a un Presunto\u2026 califica, juzga y sentencia.<\/p>\n\n\n\n<p>Agregue que si el tema lo toc\u00f3 Belem es porque es muy seguro que conociendo su activismo, las v\u00edctimas de Sebasti\u00e1n se hayan acercado a ella, que entiende de la defensa de las mujeres y tambi\u00e9n, sabe de las Leyes\u2026<\/p>\n\n\n\n<p>En pocas palabras, si Sebasti\u00e1n tiene qui\u00e9n lo defienda en la figura del Gobernador, queda claro que las veracruzanas, v\u00edctimas de un agresor, tambi\u00e9n tienen qui\u00e9n las defienda en la figura de Belem Palmeros\u2026<\/p>\n","protected":false},"excerpt":{"rendered":"<p>Los Pol\u00edticos Salvador Mu\u00f1oz La falta de empat\u00eda, as\u00ed como la ausencia de tacto pol\u00edtico y aun con esos cuatro a\u00f1os de curva de \u201caprendizaje\u201d, hacen ver m\u00e1s a un moreno encubriendo a otro moreno, m\u00e1s que a un Gobernador entendiendo el quehacer pol\u00edtico de su cargo\u2026 \u00bfqu\u00e9 chingaos tiene que opinar sobre un asunto [&hellip;]<\/p>\n","protected":false},"author":2476,"featured_media":387,"comment_status":"open","ping_status":"open","sticky":false,"template":"","format":"standard","meta":{"_jetpack_memberships_contains_paid_content":false,"footnotes":""},"categories":[11],"tags":[],"class_list":["post-38836","post","type-post","status-publish","format-standard","has-post-thumbnail","hentry","category-opinion"],"jetpack_featured_media_url":"https:\/\/encuentroinformativo.com.mx\/wp-content\/uploads\/2020\/03\/7CF8A22B-2764-47BE-8F7F-38FE9E5D6A2F.jpeg","jetpack_sharing_enabled":true,"jetpack_likes_enabled":true,"amp_enabled":true,"_links":{"self":[{"href":"https:\/\/encuentroinformativo.com.mx\/index.php?rest_route=\/wp\/v2\/posts\/38836","targetHints":{"allow":["GET"]}}],"collection":[{"href":"https:\/\/encuentroinformativo.com.mx\/index.php?rest_route=\/wp\/v2\/posts"}],"about":[{"href":"https:\/\/encuentroinformativo.com.mx\/index.php?rest_route=\/wp\/v2\/types\/post"}],"author":[{"embeddable":true,"href":"https:\/\/encuentroinformativo.com.mx\/index.php?rest_route=\/wp\/v2\/users\/2476"}],"replies":[{"embeddable":true,"href":"https:\/\/encuentroinformativo.com.mx\/index.php?rest_route=%2Fwp%2Fv2%2Fcomments&post=38836"}],"version-history":[{"count":1,"href":"https:\/\/encuentroinformativo.com.mx\/index.php?rest_route=\/wp\/v2\/posts\/38836\/revisions"}],"predecessor-version":[{"id":38837,"href":"https:\/\/encuentroinformativo.com.mx\/index.php?rest_route=\/wp\/v2\/posts\/38836\/revisions\/38837"}],"wp:featuredmedia":[{"embeddable":true,"href":"https:\/\/encuentroinformativo.com.mx\/index.php?rest_route=\/wp\/v2\/media\/387"}],"wp:attachment":[{"href":"https:\/\/encuentroinformativo.com.mx\/index.php?rest_route=%2Fwp%2Fv2%2Fmedia&parent=38836"}],"wp:term":[{"taxonomy":"category","embeddable":true,"href":"https:\/\/encuentroinformativo.com.mx\/index.php?rest_route=%2Fwp%2Fv2%2Fcategories&post=38836"},{"taxonomy":"post_tag","embeddable":true,"href":"https:\/\/encuentroinformativo.com.mx\/index.php?rest_route=%2Fwp%2Fv2%2Ftags&post=38836"}],"curies":[{"name":"wp","href":"https:\/\/api.w.org\/{rel}","templated":true}]}}