{"id":38841,"date":"2023-04-04T10:05:15","date_gmt":"2023-04-04T16:05:15","guid":{"rendered":"https:\/\/encuentroinformativo.com.mx\/?p=38841"},"modified":"2023-04-04T10:05:18","modified_gmt":"2023-04-04T16:05:18","slug":"sobre-el-caos-para-elegir-a-la-primera-mujer-que-preside-el-ine","status":"publish","type":"post","link":"https:\/\/encuentroinformativo.com.mx\/?p=38841","title":{"rendered":"SOBRE EL CAOS PARA ELEGIR A LA PRIMERA MUJER QUE PRESIDE EL INE"},"content":{"rendered":"\n<p><strong>ColumnaSinNombre<br>@pablojair<\/strong><\/p>\n\n\n\n<ul class=\"wp-block-list\"><li>Van 9 pipas para distribuci\u00f3n de agua potable.<\/li><li>SEV invierte para evitar deserci\u00f3n escolar.<\/li><li>Van recursos extraordinarios para municipios.<\/li><\/ul>\n\n\n\n<p>Y se retir\u00f3 el luchador ecol\u00f3gico, tras casi 40 a\u00f1os\u2026<br>&#8211;Chopenjawer<\/p>\n\n\n\n<p>Una persona que trabaj\u00f3 en el Instituto Nacional Electoral comentaba que ya pr\u00e1cticamente estaba todo arreglado para que Morena tomara control del INE, y que el Plan B era como el distractor en la parte medi\u00e1tica.<\/p>\n\n\n\n<p>&#8220;Finalmente tienen lo que quer\u00edan&#8221;.<\/p>\n\n\n\n<p>Lo anterior es relativo tirando a absurdo (ahorita le digo porqu\u00e9), pues m\u00e1s bien parece el argumento de alguien que siente haber perdido una batalla pol\u00edtica-medi\u00e1tica, como cuando se realiza una elecci\u00f3n y los simpatizantes del gran perdedor al d\u00eda siguiente se desaparecen hasta de redes sociales.<\/p>\n\n\n\n<p>Analistas de medios nacionales han apostado m\u00e1s a la prudencia de dar el beneficio de la duda a los nuevos consejeros del INE, quienes rindieron protesta este lunes 3 de abril. Creo que muchos coincidimos con eso.<\/p>\n\n\n\n<p>Ah\u00ed est\u00e1 el caso del Banco de M\u00e9xico, que no ha perdido autonom\u00eda.<\/p>\n\n\n\n<p>As\u00ed, ante el Consejo General del INE, Guadalupe Taddei Zavala rindi\u00f3 protesta como nueva Consejera Presidenta del Instituto, y posteriormente tom\u00f3 protesta a Rita Bell L\u00f3pez Vences, Arturo Castillo Loza y Jorge Monta\u00f1o Ventura, como Consejera y Consejeros, respectivamente, para el periodo 2023-2032.<\/p>\n\n\n\n<p>Con estas incorporaciones, se conforma, por primera vez en la historia electoral, un \u00f3rgano colegiado integrado mayoritariamente por mujeres. Adem\u00e1s, Guadalupe Taddei es la primera mujer Presidenta del Consejo General del INE.<\/p>\n\n\n\n<p>\u00bfY por qu\u00e9 es absurdo el argumento de que todo estaba arreglado para Morena? Porque su elecci\u00f3n dependi\u00f3 de un factor denominado caos.<\/p>\n\n\n\n<p>Existe una escena muy emblem\u00e1tica en la pel\u00edcula &#8220;The Dark Knight&#8221; cuando El Guas\u00f3n convence a Harvey Dent para que se vuelva un criminal. El argumento aplica para lo anterior: &#8220;\u00bfSabes qu\u00e9 tiene el caos? Que es justo&#8221;.<\/p>\n\n\n\n<p>\u00bfY cu\u00e1l es el caos relacionado a la elecci\u00f3n de consejeros del INE? El que se hizo al interior de una t\u00f3mbola, donde a trav\u00e9s de insaculaci\u00f3n (sorteo) salieron electos los funcionarios nuevos del instituto electoral.<\/p>\n\n\n\n<p>Fue a la suerte, al azar, a la probabilidad: pudo haber quedado cualquiera. El m\u00e9todo adem\u00e1s fue aprobado por la mayor\u00eda de los diputados, incluidos los de la oposici\u00f3n.<\/p>\n\n\n\n<p>Pero lo m\u00e1s rid\u00edculo, lo m\u00e1s risible, es que horas despu\u00e9s fue el Partido Acci\u00f3n Nacional quien anunci\u00f3 a trav\u00e9s de su dirigente Marko Cort\u00e9s (lo concret\u00f3 este lunes, con abogados) que se impugnar\u00eda a dos de los consejeros por tener v\u00ednculos con Morena: la propia Guadalupe Taddei Zavala y Jorge Monta\u00f1o Ventura.<\/p>\n\n\n\n<p>&#8220;La selecci\u00f3n de consejeras y consejeros del INE a trav\u00e9s de t\u00f3mbola es un duro golpe a nuestra democracia. Impugnaremos a 2 de 4 insaculados por sus claros v\u00ednculos con Morena Seguiremos luchando hasta las \u00faltimas consecuencias porque #EIINENoSeToca&#8221;, expres\u00f3 en redes sociales.<\/p>\n\n\n\n<p>(Al parecer el dirigente, como muchos que de plano todav\u00eda andan rumiando, no se ha dado cuenta que al INE ya se le toc\u00f3; de entrada, hasta a la nueva consejera le han sacado lo de que sus familiares trabajan en gobierno).<\/p>\n\n\n\n<p>Quien le contest\u00f3 por la misma v\u00eda al dirigente panista fue el diputado Jorge \u00c1lvarez Maynez, del partido propiedad del T\u00edo Dante: Movimiento Ciudadano, tachando de &#8220;incongruente&#8221; al l\u00edder del PAN.<\/p>\n\n\n\n<p>&#8220;M\u00e1s incongruente no se puede. Votaron a favor de la t\u00f3mbola que Movimiento Ciudadano rechaz\u00f3. Avalaron las propuestas de Morena para el Comit\u00e9 T\u00e9cnico, aunque presentamos alternativas imparciales. Y ahora impugnan el proceso que avalaron ante un Tribunal que quieren debilitar\u201d, dijo.<\/p>\n\n\n\n<p>O sea, para los panistas fue algo as\u00ed: &#8220;como no salieron los que quer\u00eda salieran elegidos, entonces me enojo e impugno lo que ya hab\u00eda anteriormente aprobado como m\u00e9todo de elecci\u00f3n\u201d.<\/p>\n\n\n\n<p>Eso, por donde se le vea, se le llama incongruencia.<\/p>\n\n\n\n<p>Y eso que el PAN es la segunda fuerza electoral del pa\u00eds, aunque habr\u00eda que recordar que en junio de 2021, &#8220;el PAN lleg\u00f3 a su l\u00edmite m\u00e1s bajo de militantes en los \u00faltimos a\u00f1os al contar con 270 mil 799, lo que represent\u00f3 el 0.28% del Padr\u00f3n Electoral Federal, estando a s\u00f3lo a dos cent\u00e9simas de llegar al piso de 0.26%, el m\u00ednimo que establece la Ley General de Partidos para mantener el registro&#8221;, de acuerdo a informaci\u00f3n de medios nacionales.<\/p>\n\n\n\n<p>En Veracruz, de plano andan muy divididos.<\/p>\n\n\n\n<p>Alguien con mejor criterio, un amigo periodista muy experimentado que tiene a\u00f1os trabajando en medios, lo dec\u00eda m\u00e1s claro y contundente: &#8220;No entienden que la batalla no es en 2024; ser\u00e1 en 2030\u2026 Ahorita (la oposici\u00f3n) tiene todo perdido&#8221;.<\/p>\n\n\n\n<p>A ver qu\u00e9 pasa\u2026 Mientras, al INE ya se le toc\u00f3\u2026 con una mujer.<\/p>\n\n\n\n<p><strong>NOTA PARA PEGAR EN EL REFRI<\/strong>: Nueve pipas fueron otorgadas a la Comisi\u00f3n del Agua del Estado de Veracruz (CAEV) para reforzar la capacidad de abastecimiento y atender situaciones de emergencia ante la temporada de estiaje, a fin de que la calidad de vida de las familias no se vea afectada\u2026 En las instalaciones de la Secretar\u00eda de Finanzas y Planeaci\u00f3n, el gobernador Cuitl\u00e1huac Garc\u00eda Jim\u00e9nez dio el banderazo de salida a las unidades hacia Acayucan, Agua Dulce, Chinameca, Cuitl\u00e1huac, Las Choapas, Naranjos, R\u00edo Blanco y Tuxpan, cada una con capacidad de 10 mil litros.<\/p>\n\n\n\n<p><strong>OTRA NOTA: <\/strong>El secretario de Educaci\u00f3n, Zenyazen Escobar Garc\u00eda se\u00f1al\u00f3 que, a la par de la inversi\u00f3n federal, el Gobierno de Veracruz implement\u00f3 el Programa Estatal de Oferta Educativa evitando la deserci\u00f3n de alrededor de 35 mil alumnos mediante la realizaci\u00f3n de Expo ferias Educativas de Educaci\u00f3n Media Superior y Superior, y la inversi\u00f3n de m\u00e1s de 3 mil 200 millones de pesos en el rescate de infraestructura de los 25 tecnol\u00f3gicos\u2026 \u201cFomentamos la permanencia en las aulas y la inclusi\u00f3n adem\u00e1s de crear oportunidades para la poblaci\u00f3n que durante muchos a\u00f1os fue ignorada, los avances logrados son el resultado de una buena administraci\u00f3n de los recursos y del rescate de la educaci\u00f3n en todos los niveles por parte de los gobiernos estatal y federal\u201d, expres\u00f3 el titular de la SEV.<\/p>\n\n\n\n<p><strong>LA \u00daLTIMA PORQUE TAQUITOS: <\/strong>Gracias a la correcta administraci\u00f3n presupuestal de la Secretar\u00eda de Finanzas y Planeaci\u00f3n (SEFIPLAN), los 212 municipios de Veracruz recibir\u00e1n recursos extraordinarios por 342 millones 696 mil 588 pesos, provenientes del Fondo de Estabilizaci\u00f3n de los Ingresos de las Entidades Federativas\u2026 \u201cSe trata de un monto de libre disposici\u00f3n, de manera que los alcaldes podr\u00e1n ejercerlo conforme a las necesidades de la poblaci\u00f3n, sin restricciones\u201d, expres\u00f3 el gobernador Cuitl\u00e1huac Garc\u00eda Jim\u00e9nez, al destacar que la operaci\u00f3n corresponde al primer trimestre del a\u00f1o y podr\u00eda llegar otra partida seg\u00fan el balance entre ingresos y presupuesto estatal\u2026 Por su parte, el titular de la SEFIPLAN, Jos\u00e9 Luis Lima Franco, se\u00f1al\u00f3 que el dep\u00f3sito tendr\u00e1 efecto la pr\u00f3xima semana.<\/p>\n","protected":false},"excerpt":{"rendered":"<p>ColumnaSinNombre@pablojair Van 9 pipas para distribuci\u00f3n de agua potable. SEV invierte para evitar deserci\u00f3n escolar. Van recursos extraordinarios para municipios. Y se retir\u00f3 el luchador ecol\u00f3gico, tras casi 40 a\u00f1os\u2026&#8211;Chopenjawer Una persona que trabaj\u00f3 en el Instituto Nacional Electoral comentaba que ya pr\u00e1cticamente estaba todo arreglado para que Morena tomara control del INE, y que [&hellip;]<\/p>\n","protected":false},"author":2476,"featured_media":488,"comment_status":"open","ping_status":"open","sticky":false,"template":"","format":"standard","meta":{"_jetpack_memberships_contains_paid_content":false,"footnotes":""},"categories":[11],"tags":[],"class_list":["post-38841","post","type-post","status-publish","format-standard","has-post-thumbnail","hentry","category-opinion"],"jetpack_featured_media_url":"https:\/\/encuentroinformativo.com.mx\/wp-content\/uploads\/2020\/03\/F471F608-BA1A-416B-BA7B-BCFB24F4E6D0.jpeg","jetpack_sharing_enabled":true,"jetpack_likes_enabled":true,"amp_enabled":true,"_links":{"self":[{"href":"https:\/\/encuentroinformativo.com.mx\/index.php?rest_route=\/wp\/v2\/posts\/38841","targetHints":{"allow":["GET"]}}],"collection":[{"href":"https:\/\/encuentroinformativo.com.mx\/index.php?rest_route=\/wp\/v2\/posts"}],"about":[{"href":"https:\/\/encuentroinformativo.com.mx\/index.php?rest_route=\/wp\/v2\/types\/post"}],"author":[{"embeddable":true,"href":"https:\/\/encuentroinformativo.com.mx\/index.php?rest_route=\/wp\/v2\/users\/2476"}],"replies":[{"embeddable":true,"href":"https:\/\/encuentroinformativo.com.mx\/index.php?rest_route=%2Fwp%2Fv2%2Fcomments&post=38841"}],"version-history":[{"count":1,"href":"https:\/\/encuentroinformativo.com.mx\/index.php?rest_route=\/wp\/v2\/posts\/38841\/revisions"}],"predecessor-version":[{"id":38842,"href":"https:\/\/encuentroinformativo.com.mx\/index.php?rest_route=\/wp\/v2\/posts\/38841\/revisions\/38842"}],"wp:featuredmedia":[{"embeddable":true,"href":"https:\/\/encuentroinformativo.com.mx\/index.php?rest_route=\/wp\/v2\/media\/488"}],"wp:attachment":[{"href":"https:\/\/encuentroinformativo.com.mx\/index.php?rest_route=%2Fwp%2Fv2%2Fmedia&parent=38841"}],"wp:term":[{"taxonomy":"category","embeddable":true,"href":"https:\/\/encuentroinformativo.com.mx\/index.php?rest_route=%2Fwp%2Fv2%2Fcategories&post=38841"},{"taxonomy":"post_tag","embeddable":true,"href":"https:\/\/encuentroinformativo.com.mx\/index.php?rest_route=%2Fwp%2Fv2%2Ftags&post=38841"}],"curies":[{"name":"wp","href":"https:\/\/api.w.org\/{rel}","templated":true}]}}