{"id":38845,"date":"2023-04-04T11:41:35","date_gmt":"2023-04-04T17:41:35","guid":{"rendered":"https:\/\/encuentroinformativo.com.mx\/?p=38845"},"modified":"2023-04-04T11:41:40","modified_gmt":"2023-04-04T17:41:40","slug":"invitan-a-degustacion-de-altura-en-perote","status":"publish","type":"post","link":"https:\/\/encuentroinformativo.com.mx\/?p=38845","title":{"rendered":"Invitan a Degustaci\u00f3n de Altura en Perote"},"content":{"rendered":"\n<p><strong>Israel Garc\u00eda <\/strong><\/p>\n\n\n\n<p>Xalapa, Ver.- El Alcalde del municipio de Perote, Delfino Ortega acompa\u00f1ado de sus colaboradores hizo una invitaci\u00f3n en general, para que asistan a la Degustaci\u00f3n de Altura segunda edici\u00f3n, los d\u00edas 14,15 y 16 de abril, totalmente gratuito.<\/p>\n\n\n\n<p>En conferencia de prensa en conocido caf\u00e9, inform\u00f3 que el evento se llevar\u00e1 a cabo en el Centro Cultural de Perote, el d\u00eda viernes de las 17:00 horas a 10 de la noche y el s\u00e1bado 15 de abril de 12 del d\u00eda a 8:00 de la noche.<\/p>\n\n\n\n<p>Por lo que invit\u00f3 a la poblaci\u00f3n en general para que visiten Perote y participen de estas actividades.<\/p>\n\n\n\n<p>En otro orden de ideas, cuestionado sobre el anuncio que hizo ayer el gobernador Cuitl\u00e1huac Garc\u00eda sobre que habr\u00e1 m\u00e1s recursos para los Ayuntamientos, el edil dijo desconocer el tema.<\/p>\n\n\n\n<figure class=\"wp-block-image size-large\"><img loading=\"lazy\" decoding=\"async\" width=\"768\" height=\"1024\" src=\"https:\/\/encuentroinformativo.com.mx\/wp-content\/uploads\/2023\/04\/IMG-20230404-WA0018-768x1024.jpg\" alt=\"\" class=\"wp-image-38847\" srcset=\"https:\/\/encuentroinformativo.com.mx\/wp-content\/uploads\/2023\/04\/IMG-20230404-WA0018-768x1024.jpg 768w, https:\/\/encuentroinformativo.com.mx\/wp-content\/uploads\/2023\/04\/IMG-20230404-WA0018-225x300.jpg 225w, https:\/\/encuentroinformativo.com.mx\/wp-content\/uploads\/2023\/04\/IMG-20230404-WA0018.jpg 780w\" sizes=\"auto, (max-width: 768px) 100vw, 768px\" \/><\/figure>\n\n\n\n<p> <\/p>\n","protected":false},"excerpt":{"rendered":"<p>Israel Garc\u00eda Xalapa, Ver.- El Alcalde del municipio de Perote, Delfino Ortega acompa\u00f1ado de sus colaboradores hizo una invitaci\u00f3n en general, para que asistan a la Degustaci\u00f3n de Altura segunda edici\u00f3n, los d\u00edas 14,15 y 16 de abril, totalmente gratuito. En conferencia de prensa en conocido caf\u00e9, inform\u00f3 que el evento se llevar\u00e1 a cabo [&hellip;]<\/p>\n","protected":false},"author":2476,"featured_media":38846,"comment_status":"open","ping_status":"open","sticky":false,"template":"","format":"standard","meta":{"_jetpack_memberships_contains_paid_content":false,"footnotes":""},"categories":[8],"tags":[],"class_list":["post-38845","post","type-post","status-publish","format-standard","has-post-thumbnail","hentry","category-region"],"jetpack_featured_media_url":"https:\/\/encuentroinformativo.com.mx\/wp-content\/uploads\/2023\/04\/IMG-20230404-WA00202.jpg","jetpack_sharing_enabled":true,"jetpack_likes_enabled":true,"amp_enabled":true,"_links":{"self":[{"href":"https:\/\/encuentroinformativo.com.mx\/index.php?rest_route=\/wp\/v2\/posts\/38845","targetHints":{"allow":["GET"]}}],"collection":[{"href":"https:\/\/encuentroinformativo.com.mx\/index.php?rest_route=\/wp\/v2\/posts"}],"about":[{"href":"https:\/\/encuentroinformativo.com.mx\/index.php?rest_route=\/wp\/v2\/types\/post"}],"author":[{"embeddable":true,"href":"https:\/\/encuentroinformativo.com.mx\/index.php?rest_route=\/wp\/v2\/users\/2476"}],"replies":[{"embeddable":true,"href":"https:\/\/encuentroinformativo.com.mx\/index.php?rest_route=%2Fwp%2Fv2%2Fcomments&post=38845"}],"version-history":[{"count":1,"href":"https:\/\/encuentroinformativo.com.mx\/index.php?rest_route=\/wp\/v2\/posts\/38845\/revisions"}],"predecessor-version":[{"id":38848,"href":"https:\/\/encuentroinformativo.com.mx\/index.php?rest_route=\/wp\/v2\/posts\/38845\/revisions\/38848"}],"wp:featuredmedia":[{"embeddable":true,"href":"https:\/\/encuentroinformativo.com.mx\/index.php?rest_route=\/wp\/v2\/media\/38846"}],"wp:attachment":[{"href":"https:\/\/encuentroinformativo.com.mx\/index.php?rest_route=%2Fwp%2Fv2%2Fmedia&parent=38845"}],"wp:term":[{"taxonomy":"category","embeddable":true,"href":"https:\/\/encuentroinformativo.com.mx\/index.php?rest_route=%2Fwp%2Fv2%2Fcategories&post=38845"},{"taxonomy":"post_tag","embeddable":true,"href":"https:\/\/encuentroinformativo.com.mx\/index.php?rest_route=%2Fwp%2Fv2%2Ftags&post=38845"}],"curies":[{"name":"wp","href":"https:\/\/api.w.org\/{rel}","templated":true}]}}