{"id":38849,"date":"2023-04-04T12:27:39","date_gmt":"2023-04-04T18:27:39","guid":{"rendered":"https:\/\/encuentroinformativo.com.mx\/?p=38849"},"modified":"2023-04-04T12:27:42","modified_gmt":"2023-04-04T18:27:42","slug":"adultos-mayores-culpan-a-chofer-de-siop-de-choque","status":"publish","type":"post","link":"https:\/\/encuentroinformativo.com.mx\/?p=38849","title":{"rendered":"Adultos mayores culpan a chofer de SIOP de choque"},"content":{"rendered":"\n<p><strong>Juan Arcos <\/strong><\/p>\n\n\n\n<p>Xalapa, Ver.- El conductor de un veh\u00edculo oficial choc\u00f3 contra un veh\u00edculo particular donde viajaba una pareja de adultos mayores.<\/p>\n\n\n\n<p>Los hechos ocurrieron antes de las diez de la ma\u00f1ana de este martes 4 de abril sobre la calle Ignacio Zaragoza, afuera de la cochera de Palacio de Gobierno.<\/p>\n\n\n\n<p>Se trata de una camioneta blanca de la Secretar\u00eda de Infraestructura y Obras P\u00fablicas (SIOP), con n\u00famero de control interno 054, que se impact\u00f3 contra un autom\u00f3vil Nissan-Versa, color vino.<\/p>\n\n\n\n<p>De acuerdo con testigos, en la camioneta del gobierno estatal viajaba un presunto funcionario de la SIOP, quien descendi\u00f3 de la unidad y se refugi\u00f3 en un hotel de la zona para evitar ser visto.<\/p>\n\n\n\n<p>Mientras que el conductor del veh\u00edculo particular indic\u00f3 que circulaban por la calle Zaragoza, cuando fueron impactados por la camioneta.<\/p>\n\n\n\n<p>\u201cEl chofer nos avent\u00f3 la camioneta, nosotros circul\u00e1bamos tranquilos y nos golpe\u00f3\u201d, expres\u00f3.<\/p>\n\n\n\n<p>El se\u00f1or indic\u00f3 que su esposa viajaba como copiloto y sufri\u00f3 una crisis nerviosa, pues el impacto ocurri\u00f3 de su lado, resultando severamente da\u00f1ada la puerta derecha y el cristal de la ventanilla destruido.<\/p>\n","protected":false},"excerpt":{"rendered":"<p>Juan Arcos Xalapa, Ver.- El conductor de un veh\u00edculo oficial choc\u00f3 contra un veh\u00edculo particular donde viajaba una pareja de adultos mayores. Los hechos ocurrieron antes de las diez de la ma\u00f1ana de este martes 4 de abril sobre la calle Ignacio Zaragoza, afuera de la cochera de Palacio de Gobierno. Se trata de una [&hellip;]<\/p>\n","protected":false},"author":2476,"featured_media":38850,"comment_status":"open","ping_status":"open","sticky":false,"template":"","format":"standard","meta":{"_jetpack_memberships_contains_paid_content":false,"footnotes":""},"categories":[3],"tags":[],"class_list":["post-38849","post","type-post","status-publish","format-standard","has-post-thumbnail","hentry","category-xalapa"],"jetpack_featured_media_url":"https:\/\/encuentroinformativo.com.mx\/wp-content\/uploads\/2023\/04\/IMG_9227.jpg","jetpack_sharing_enabled":true,"jetpack_likes_enabled":true,"amp_enabled":true,"_links":{"self":[{"href":"https:\/\/encuentroinformativo.com.mx\/index.php?rest_route=\/wp\/v2\/posts\/38849","targetHints":{"allow":["GET"]}}],"collection":[{"href":"https:\/\/encuentroinformativo.com.mx\/index.php?rest_route=\/wp\/v2\/posts"}],"about":[{"href":"https:\/\/encuentroinformativo.com.mx\/index.php?rest_route=\/wp\/v2\/types\/post"}],"author":[{"embeddable":true,"href":"https:\/\/encuentroinformativo.com.mx\/index.php?rest_route=\/wp\/v2\/users\/2476"}],"replies":[{"embeddable":true,"href":"https:\/\/encuentroinformativo.com.mx\/index.php?rest_route=%2Fwp%2Fv2%2Fcomments&post=38849"}],"version-history":[{"count":1,"href":"https:\/\/encuentroinformativo.com.mx\/index.php?rest_route=\/wp\/v2\/posts\/38849\/revisions"}],"predecessor-version":[{"id":38851,"href":"https:\/\/encuentroinformativo.com.mx\/index.php?rest_route=\/wp\/v2\/posts\/38849\/revisions\/38851"}],"wp:featuredmedia":[{"embeddable":true,"href":"https:\/\/encuentroinformativo.com.mx\/index.php?rest_route=\/wp\/v2\/media\/38850"}],"wp:attachment":[{"href":"https:\/\/encuentroinformativo.com.mx\/index.php?rest_route=%2Fwp%2Fv2%2Fmedia&parent=38849"}],"wp:term":[{"taxonomy":"category","embeddable":true,"href":"https:\/\/encuentroinformativo.com.mx\/index.php?rest_route=%2Fwp%2Fv2%2Fcategories&post=38849"},{"taxonomy":"post_tag","embeddable":true,"href":"https:\/\/encuentroinformativo.com.mx\/index.php?rest_route=%2Fwp%2Fv2%2Ftags&post=38849"}],"curies":[{"name":"wp","href":"https:\/\/api.w.org\/{rel}","templated":true}]}}