{"id":3886,"date":"2020-07-06T12:06:51","date_gmt":"2020-07-06T17:06:51","guid":{"rendered":"https:\/\/encuentroinformativo.com\/?p=3886"},"modified":"2020-07-06T12:06:54","modified_gmt":"2020-07-06T17:06:54","slug":"veracruz-sin-avances-positivos-senala-pan","status":"publish","type":"post","link":"https:\/\/encuentroinformativo.com.mx\/?p=3886","title":{"rendered":"Veracruz sin avances positivos, se\u00f1ala PAN"},"content":{"rendered":"\n<p><strong>Juan Arcos <\/strong><\/p>\n\n\n\n<p>Xalapa, Ver.- El dirigente estatal del Partido Acci\u00f3n Nacional (PAN) en Veracruz, Joaqu\u00edn Guzm\u00e1n Avil\u00e9s, opin\u00f3 que la administraci\u00f3n estatal carece de resultados positivos para que el gobernador Cuitl\u00e1huac Garc\u00eda Jim\u00e9nez d\u00e9 a conocer un avance de su segundo informe de gobierno.<\/p>\n\n\n\n<p>El l\u00edder estatal del albiazul consider\u00f3 que en la entidad veracruzana no ha habido obra p\u00fablica, proyectos para el campo ni acciones puntuales para frenar la pandemia de COVID-19.<\/p>\n\n\n\n<p>\u201cNo s\u00e9 qu\u00e9 vaya a informar el gobernador si no ha habido nada en Veracruz. Nuestra estado es uno de los m\u00e1s afectados por COVID-19, estaba ya en sem\u00e1foro naranja y retrocedi\u00f3 a sem\u00e1foro rojo. El gobierno del estado no tiene inter\u00e9s de llevar a cabo las acciones de beneficio a la ciudadan\u00eda\u201d.<\/p>\n\n\n\n<p>Sin embargo, indic\u00f3 que el gobierno ha emprendido acciones fuera del marco legal, como en el caso de Actopan, donde Jos\u00e9 Paulino Dom\u00ednguez S\u00e1nchez y Lucero Jazm\u00edn Palmeros Barradas, fueron desaforados y separados del cargo de la presidencia municipal y sindicatura de Actopan, respectivamente, y adem\u00e1s se giraron \u00f3rdenes de aprehensi\u00f3n, por lo que la exfuncionaria se encuentra en el penal de Pacho Viejo y, el exalcalde, pr\u00f3fugo de la justicia.<\/p>\n\n\n\n<p>\u201cVemos con tristeza como presionan, llevan a cabo acciones de coacci\u00f3n pero sobre todo de intimidaci\u00f3n, donde inclusive vemos que est\u00e1n intimidado con \u00f3rdenes de aprehensi\u00f3n y que obviamente eso est\u00e1 fuera del marco legal\u201d.<\/p>\n\n\n\n<p>Guzm\u00e1n Avil\u00e9s indic\u00f3 que se requiere un gobierno que est\u00e9 trabajando en beneficio de los veracruzanos.<\/p>\n\n\n\n<p>\u201cVemos con tristeza que Veracruz es de los m\u00e1s que m\u00e1s afectaci\u00f3n tiene en materia de salud\u201d.<\/p>\n\n\n\n<p>El Presidente del Comit\u00e9 Directivo Estatal (CDE) tambi\u00e9n exigi\u00f3 al Congreso del Estado el nombramiento de Jos\u00e9 Alfredo L\u00f3pez Carreto como presidente municipal de Actopan.<\/p>\n\n\n\n<p>\u201cVemos que nuestro estado est\u00e1 sumido en la inseguridad y que sigue el gobierno intentando atacar a los partidos pol\u00edticos, a los municipios que son de oposici\u00f3n, quit\u00e1ndoles el poder y tratando de ellos mantenerse en el poder\u201d, lament\u00f3.<\/p>\n\n\n\n<p><\/p>\n\n\n\n<p><\/p>\n","protected":false},"excerpt":{"rendered":"<p>Juan Arcos Xalapa, Ver.- El dirigente estatal del Partido Acci\u00f3n Nacional (PAN) en Veracruz, Joaqu\u00edn Guzm\u00e1n Avil\u00e9s, opin\u00f3 que la administraci\u00f3n estatal carece de resultados positivos para que el gobernador Cuitl\u00e1huac Garc\u00eda Jim\u00e9nez d\u00e9 a conocer un avance de su segundo informe de gobierno. El l\u00edder estatal del albiazul consider\u00f3 que en la entidad veracruzana [&hellip;]<\/p>\n","protected":false},"author":1,"featured_media":3887,"comment_status":"open","ping_status":"open","sticky":false,"template":"","format":"standard","meta":{"_jetpack_memberships_contains_paid_content":false,"footnotes":""},"categories":[2],"tags":[],"class_list":["post-3886","post","type-post","status-publish","format-standard","has-post-thumbnail","hentry","category-estado"],"jetpack_featured_media_url":"https:\/\/encuentroinformativo.com.mx\/wp-content\/uploads\/2020\/07\/3451D506-7043-43D4-8804-26B9D867D55C.jpeg","jetpack_sharing_enabled":true,"jetpack_likes_enabled":true,"amp_enabled":true,"_links":{"self":[{"href":"https:\/\/encuentroinformativo.com.mx\/index.php?rest_route=\/wp\/v2\/posts\/3886","targetHints":{"allow":["GET"]}}],"collection":[{"href":"https:\/\/encuentroinformativo.com.mx\/index.php?rest_route=\/wp\/v2\/posts"}],"about":[{"href":"https:\/\/encuentroinformativo.com.mx\/index.php?rest_route=\/wp\/v2\/types\/post"}],"author":[{"embeddable":true,"href":"https:\/\/encuentroinformativo.com.mx\/index.php?rest_route=\/wp\/v2\/users\/1"}],"replies":[{"embeddable":true,"href":"https:\/\/encuentroinformativo.com.mx\/index.php?rest_route=%2Fwp%2Fv2%2Fcomments&post=3886"}],"version-history":[{"count":1,"href":"https:\/\/encuentroinformativo.com.mx\/index.php?rest_route=\/wp\/v2\/posts\/3886\/revisions"}],"predecessor-version":[{"id":3888,"href":"https:\/\/encuentroinformativo.com.mx\/index.php?rest_route=\/wp\/v2\/posts\/3886\/revisions\/3888"}],"wp:featuredmedia":[{"embeddable":true,"href":"https:\/\/encuentroinformativo.com.mx\/index.php?rest_route=\/wp\/v2\/media\/3887"}],"wp:attachment":[{"href":"https:\/\/encuentroinformativo.com.mx\/index.php?rest_route=%2Fwp%2Fv2%2Fmedia&parent=3886"}],"wp:term":[{"taxonomy":"category","embeddable":true,"href":"https:\/\/encuentroinformativo.com.mx\/index.php?rest_route=%2Fwp%2Fv2%2Fcategories&post=3886"},{"taxonomy":"post_tag","embeddable":true,"href":"https:\/\/encuentroinformativo.com.mx\/index.php?rest_route=%2Fwp%2Fv2%2Ftags&post=3886"}],"curies":[{"name":"wp","href":"https:\/\/api.w.org\/{rel}","templated":true}]}}