{"id":38860,"date":"2023-04-04T11:11:15","date_gmt":"2023-04-04T17:11:15","guid":{"rendered":"https:\/\/encuentroinformativo.com.mx\/?p=38860"},"modified":"2023-04-04T14:12:27","modified_gmt":"2023-04-04T20:12:27","slug":"reactivaran-en-verano-trenecito-de-zoologico-viveros","status":"publish","type":"post","link":"https:\/\/encuentroinformativo.com.mx\/?p=38860","title":{"rendered":"Reactivar\u00e1n en verano &#8220;trenecito&#8221; de zool\u00f3gico Viveros"},"content":{"rendered":"\n<p><strong>Alejandro \u00c1vila<\/strong><\/p>\n\n\n\n<p>Veracruz, Ver.- Catorce a\u00f1os despu\u00e9s volver\u00e1 a ponerse en funci\u00f3n el &#8220;trenecito&#8221; del zool\u00f3gico Miguel \u00c1ngel de Quevedo, tambi\u00e9n conocido como Parque Viveros en el municipio de Veracruz.<\/p>\n\n\n\n<p>La alcaldesa, Patricia Lobeira Rodr\u00edguez, confirm\u00f3 en entrevista este martes que, en el periodo vacacional de verano se habilitar\u00eda nuevamente este atractivo tur\u00edstico.<\/p>\n\n\n\n<p>&#8220;Lo que s\u00ed vamos a tener para el verano es el tren (\u2026) s\u00ed se va a poner en operaci\u00f3n, ya yo creo para el verano lo vamos a tener listo, e invitamos a toda la gente a que disfrute tambi\u00e9n de ese atractivo&#8221;, agreg\u00f3.<\/p>\n\n\n\n<p>El trenecito del Parque Viveros fue inaugurado en 1982, bajo la administraci\u00f3n del alcalde, Virgilio Cruz Parra; dejo de funcionar en el 2009, cuando Jon Rementer\u00eda Semp\u00e9, era presidente municipal; y ser\u00e1 en el verano de este 2023 cuando la alcaldesa, Patricia Lobeira Rodr\u00edguez, lo ponga nuevamente en funcionamiento.<\/p>\n\n\n\n<p>La funcionaria municipal agreg\u00f3 que tambi\u00e9n se iniciar\u00e1 con el proyecto de rehabilitaci\u00f3n de la laguna al interior del zool\u00f3gico Miguel \u00c1ngel de Quevedo, con una inversi\u00f3n cercana a los 2 millones de pesos; donde adem\u00e1s se crear\u00e1 un \u00e1rea de comedores para que los visitantes puedan disfrutar de una tarde familiar.<\/p>\n\n\n\n<p>El zool\u00f3gico Miguel \u00c1ngel de Quevedo se encuentra abierto de lunes a viernes en horario de 9 de la ma\u00f1ana a 5 de la tarde; el costo de acceso, es de 25 pesos para los adultos y 15 pesos para los ni\u00f1os.<\/p>\n","protected":false},"excerpt":{"rendered":"<p>Alejandro \u00c1vila Veracruz, Ver.- Catorce a\u00f1os despu\u00e9s volver\u00e1 a ponerse en funci\u00f3n el &#8220;trenecito&#8221; del zool\u00f3gico Miguel \u00c1ngel de Quevedo, tambi\u00e9n conocido como Parque Viveros en el municipio de Veracruz. La alcaldesa, Patricia Lobeira Rodr\u00edguez, confirm\u00f3 en entrevista este martes que, en el periodo vacacional de verano se habilitar\u00eda nuevamente este atractivo tur\u00edstico. &#8220;Lo que [&hellip;]<\/p>\n","protected":false},"author":2476,"featured_media":38861,"comment_status":"open","ping_status":"open","sticky":false,"template":"","format":"standard","meta":{"_jetpack_memberships_contains_paid_content":false,"footnotes":""},"categories":[2],"tags":[],"class_list":["post-38860","post","type-post","status-publish","format-standard","has-post-thumbnail","hentry","category-estado"],"jetpack_featured_media_url":"https:\/\/encuentroinformativo.com.mx\/wp-content\/uploads\/2023\/04\/IMG-20230404-WA00422.jpg","jetpack_sharing_enabled":true,"jetpack_likes_enabled":true,"amp_enabled":true,"_links":{"self":[{"href":"https:\/\/encuentroinformativo.com.mx\/index.php?rest_route=\/wp\/v2\/posts\/38860","targetHints":{"allow":["GET"]}}],"collection":[{"href":"https:\/\/encuentroinformativo.com.mx\/index.php?rest_route=\/wp\/v2\/posts"}],"about":[{"href":"https:\/\/encuentroinformativo.com.mx\/index.php?rest_route=\/wp\/v2\/types\/post"}],"author":[{"embeddable":true,"href":"https:\/\/encuentroinformativo.com.mx\/index.php?rest_route=\/wp\/v2\/users\/2476"}],"replies":[{"embeddable":true,"href":"https:\/\/encuentroinformativo.com.mx\/index.php?rest_route=%2Fwp%2Fv2%2Fcomments&post=38860"}],"version-history":[{"count":1,"href":"https:\/\/encuentroinformativo.com.mx\/index.php?rest_route=\/wp\/v2\/posts\/38860\/revisions"}],"predecessor-version":[{"id":38862,"href":"https:\/\/encuentroinformativo.com.mx\/index.php?rest_route=\/wp\/v2\/posts\/38860\/revisions\/38862"}],"wp:featuredmedia":[{"embeddable":true,"href":"https:\/\/encuentroinformativo.com.mx\/index.php?rest_route=\/wp\/v2\/media\/38861"}],"wp:attachment":[{"href":"https:\/\/encuentroinformativo.com.mx\/index.php?rest_route=%2Fwp%2Fv2%2Fmedia&parent=38860"}],"wp:term":[{"taxonomy":"category","embeddable":true,"href":"https:\/\/encuentroinformativo.com.mx\/index.php?rest_route=%2Fwp%2Fv2%2Fcategories&post=38860"},{"taxonomy":"post_tag","embeddable":true,"href":"https:\/\/encuentroinformativo.com.mx\/index.php?rest_route=%2Fwp%2Fv2%2Ftags&post=38860"}],"curies":[{"name":"wp","href":"https:\/\/api.w.org\/{rel}","templated":true}]}}